{"id":389,"date":"2008-04-03T08:37:00","date_gmt":"2008-04-03T06:37:00","guid":{"rendered":"http:\/\/blogs.elcomercio.es\/hispadata\/2008\/04\/03\/los-politicos-quieren-interferir-en-las-decisiones-de-las-empresas-privadas\/"},"modified":"2008-04-03T08:37:00","modified_gmt":"2008-04-03T06:37:00","slug":"los-politicos-quieren-interferir-en-las-decisiones-de-las-empresas-privadas","status":"publish","type":"post","link":"https:\/\/blogs.elcomercio.es\/hispadata\/2008\/04\/03\/los-politicos-quieren-interferir-en-las-decisiones-de-las-empresas-privadas\/","title":{"rendered":"Los pol\u00edticos quieren interferir en las decisiones de las empresas privadas"},"content":{"rendered":"<p><a href=\"http:\/\/2.bp.blogspot.com\/_1Ce0HZD8USI\/R_SSC3o86II\/AAAAAAAAANk\/ytZBYdPL0vY\/s1600-h\/images%5B5%5D.jpg\" rel=\"external nofollow\"><img alt=\"\" src=\"\/\/2.bp.blogspot.com\/_1Ce0HZD8USI\/R_SSC3o86II\/AAAAAAAAANk\/ytZBYdPL0vY\/s400\/images%5B5%5D.jpg\" border=\"0\" \/><\/a> Acabo de leer en la primera plana del diario asturiano <a href=\"http:\/\/www.lne.es\/\" rel=\"external nofollow\">La Nueva Espa\u00f1a,<\/a> un titular que me deja sorprendido. Dice literalmente <strong>&#8220;La Federaci\u00f3n Socialista Asturiana exige que la reforma de <span>CLAS<\/span> garantice su <span>asturian\u00eda<\/span>&#8220;.<\/strong><\/p>\n<div align=\"justify\">La Central Lechera Asturiana jur\u00eddicamente es una Sociedad Agraria de Transformaci\u00f3n (no es una cooperativa en sentido estricto ). Sus actuales socios parece que est\u00e1n tratando de transformar la <span>SAT<\/span> y dividirla en dos entes societarios. Uno seguir\u00eda siendo una <span>SAT<\/span> y el otro se transformar\u00eda en una Sociedad Limitada.<\/div>\n<p><\/p>\n<div align=\"justify\">Se trata en definitiva de decisiones internas de una empresa privada y por tanto las \u00fanicas personas facultadas para tomarlas, son exclusivamente sus socios o cooperativistas. Los l\u00edmites de estas decisiones estar\u00edan s\u00f3lo en aquellas que pudieren resultar contrarias a la legalidad vigente (libre competencia, derechos de los consumidores, comercio, etc.)<\/div>\n<div align=\"justify\"><\/div>\n<p><\/p>\n<div align=\"justify\">\u00bfC\u00f3mo podemos entender entonces que los pol\u00edticos de turno salgan a la palestra para nada menos que &#8220;exigir&#8221; a una entidad privada que tome determinadas decisiones societarias? Creo que voy a tener que estudiarme de nuevo los tratados de derecho <span>mercantil<\/span>, porque o yo no se nada de derecho o estos pol\u00edticos son unos osados e irresponsables.<\/div>\n<p><\/p>\n<div align=\"justify\">En un mercado global y <span>deslocalizado<\/span> \u00bfpodr\u00edamos entender por ejemplo que el <span>PNV<\/span> exigiera al <span>BBVA<\/span> que mantenga su <span>bilbainismo<\/span>, o que el <span>Sr<\/span>. <span>Revilla<\/span> exigiera al Santander que mantenga su <span>cantabreidad<\/span>? Creo que resulta absurdo.<\/div>\n<p><\/p>\n<div align=\"justify\">Creo que los pol\u00edticos deben de limitarse a gestionar todo aquello que afecta a la esfera p\u00fablica y que dejen a las empresas gestionar sus negocios. Es hora de que empiecen a actuar con menos intervencionismo privado y con mas eficacia p\u00fablica.<\/div>\n<!-- AddThis Advanced Settings generic via filter on the_content --><!-- AddThis Share Buttons generic via filter on the_content -->","protected":false},"excerpt":{"rendered":"<p>Acabo de leer en la primera plana del diario asturiano La Nueva Espa\u00f1a, un titular que me deja sorprendido. Dice literalmente &#8220;La Federaci\u00f3n Socialista Asturiana exige que la reforma de CLAS garantice su asturian\u00eda&#8220;. La Central Lechera Asturiana jur\u00eddicamente es una Sociedad Agraria de Transformaci\u00f3n (no es una cooperativa en sentido estricto ). Sus actuales [&hellip;]<!-- AddThis Advanced Settings generic via filter on get_the_excerpt --><!-- AddThis Share Buttons generic via filter on get_the_excerpt --><\/p>\n","protected":false},"author":17,"featured_media":0,"comment_status":"open","ping_status":"closed","sticky":false,"template":"","format":"standard","meta":[],"categories":[3,6,15],"tags":[],"_links":{"self":[{"href":"https:\/\/blogs.elcomercio.es\/hispadata\/wp-json\/wp\/v2\/posts\/389"}],"collection":[{"href":"https:\/\/blogs.elcomercio.es\/hispadata\/wp-json\/wp\/v2\/posts"}],"about":[{"href":"https:\/\/blogs.elcomercio.es\/hispadata\/wp-json\/wp\/v2\/types\/post"}],"author":[{"embeddable":true,"href":"https:\/\/blogs.elcomercio.es\/hispadata\/wp-json\/wp\/v2\/users\/17"}],"replies":[{"embeddable":true,"href":"https:\/\/blogs.elcomercio.es\/hispadata\/wp-json\/wp\/v2\/comments?post=389"}],"version-history":[{"count":0,"href":"https:\/\/blogs.elcomercio.es\/hispadata\/wp-json\/wp\/v2\/posts\/389\/revisions"}],"wp:attachment":[{"href":"https:\/\/blogs.elcomercio.es\/hispadata\/wp-json\/wp\/v2\/media?parent=389"}],"wp:term":[{"taxonomy":"category","embeddable":true,"href":"https:\/\/blogs.elcomercio.es\/hispadata\/wp-json\/wp\/v2\/categories?post=389"},{"taxonomy":"post_tag","embeddable":true,"href":"https:\/\/blogs.elcomercio.es\/hispadata\/wp-json\/wp\/v2\/tags?post=389"}],"curies":[{"name":"wp","href":"https:\/\/api.w.org\/{rel}","templated":true}]}}