{"id":430,"date":"2007-12-19T17:37:00","date_gmt":"2007-12-19T16:37:00","guid":{"rendered":"http:\/\/blogs.elcomercio.es\/hispadata\/2007\/12\/19\/canon-digital\/"},"modified":"2007-12-19T17:37:00","modified_gmt":"2007-12-19T16:37:00","slug":"canon-digital","status":"publish","type":"post","link":"https:\/\/blogs.elcomercio.es\/hispadata\/2007\/12\/19\/canon-digital\/","title":{"rendered":"Canon digital"},"content":{"rendered":"<p><a href=\"http:\/\/1.bp.blogspot.com\/_1Ce0HZD8USI\/R2lMKD8lNlI\/AAAAAAAAAFs\/7OFhB8bz3VY\/s1600-h\/arton194%5B1%5D.jpg\" rel=\"external nofollow\"><img alt=\"\" src=\"\/\/1.bp.blogspot.com\/_1Ce0HZD8USI\/R2lMKD8lNlI\/AAAAAAAAAFs\/7OFhB8bz3VY\/s320\/arton194%5B1%5D.jpg\" border=\"0\" \/><\/a><\/p>\n<div><em><span style=\"font-family:arial\">Estimados amigos: Ha llegado a mis manos un mensaje de AUI, la mayor asociaci\u00f3n de usuarios de internet que hay en Espa\u00f1a, que considero bastante relevante y que por ello plasmo aqu\u00ed de modo literal.<\/span><\/em><\/p>\n<p>infoAUI &#8212; URGENTE &#8212; Necesitamos un minuto tuyo antes del Jueves Este Jueves el Congreso de los Diputados debe de votar si mantiene la enmienda que insta al Gobierno a retirar el Can\u00f3n Digital en el plazo de un a\u00f1o introducida y aprobada en la LISI a su paso por el Senado.<br \/>Esta es una situaci\u00f3n sin precedentes y este Jueves puede pasar si empujamos todos para que suceda. Necesitamos que les hagas llegar, si lo compartes, a Diputados y Partidos tu mensaje y posici\u00f3n contra el injusto y an\u00e1cronico Canon Digital. Acci\u00f3n que impulsamos desde la Asociaci\u00f3n de Usuarios de Internet junto con otras 27 organizaciones agrupadas en la plataforma todoscontraelcanon.es Para ello basta con rellenar un formulario + un click desde tu correo y les haras llegar tu mensaje personalizado a TODOS los Diputados del Congreso y a TODOS los partidos pol\u00edticos. Este es el enlace que te permite hacerlo:<br \/><a href=\"http:\/\/todoscontraelcanon.es\/diselotumismo\" rel=\"external nofollow\">http:\/\/todoscontraelcanon.es\/diselotumismo<\/a><br \/>El tiempo vuela as\u00ed que PASA este mensaje a todos tus conocidos antes de que sea demasiado tarde.<br \/>La enmienda fue presentada por el senador por ICV, Jordi Guillot en la tramitaci\u00f3n en el Senado de la Ley de Impulso de la SI, y se aprobo con los votos de los senadores del Partido Popular, gracias a ellos ha surgido esta oportunidad en un momento en que no tocaba.<br \/>El tema esta que arde tal y como puedes ver en los medios, la prueba es que hoy hay tres periodicos de tirada nacional que llevan este asunto a su editorial:<br \/><a href=\"http:\/\/www.todoscontraelcanon.es\/index2.php?body=press_electronica\" rel=\"external nofollow\">http:\/\/www.todoscontraelcanon.es\/index2.php?body=press_electronica<\/a><br \/>El Jueves es la &#8220;prueba del algod\u00f3n&#8221;, estaremos atentos.<br \/>Mil gracias por tu tiempo y gracias por tu tiempo.<br \/>Miguel P\u00e9rez Sub\u00edas<br \/>Presidente <a href=\"http:\/\/www.blogger.com\/www.AUI.es\" rel=\"external nofollow\">http:\/\/www.blogger.com\/www.AUI.es<\/a><\/div>\n<!-- AddThis Advanced Settings generic via filter on the_content --><!-- AddThis Share Buttons generic via filter on the_content -->","protected":false},"excerpt":{"rendered":"<p>Estimados amigos: Ha llegado a mis manos un mensaje de AUI, la mayor asociaci\u00f3n de usuarios de internet que hay en Espa\u00f1a, que considero bastante relevante y que por ello plasmo aqu\u00ed de modo literal. infoAUI &#8212; URGENTE &#8212; Necesitamos un minuto tuyo antes del Jueves Este Jueves el Congreso de los Diputados debe de [&hellip;]<!-- AddThis Advanced Settings generic via filter on get_the_excerpt --><!-- AddThis Share Buttons generic via filter on get_the_excerpt --><\/p>\n","protected":false},"author":17,"featured_media":0,"comment_status":"open","ping_status":"closed","sticky":false,"template":"","format":"standard","meta":[],"categories":[4,10,12,14,16],"tags":[],"_links":{"self":[{"href":"https:\/\/blogs.elcomercio.es\/hispadata\/wp-json\/wp\/v2\/posts\/430"}],"collection":[{"href":"https:\/\/blogs.elcomercio.es\/hispadata\/wp-json\/wp\/v2\/posts"}],"about":[{"href":"https:\/\/blogs.elcomercio.es\/hispadata\/wp-json\/wp\/v2\/types\/post"}],"author":[{"embeddable":true,"href":"https:\/\/blogs.elcomercio.es\/hispadata\/wp-json\/wp\/v2\/users\/17"}],"replies":[{"embeddable":true,"href":"https:\/\/blogs.elcomercio.es\/hispadata\/wp-json\/wp\/v2\/comments?post=430"}],"version-history":[{"count":0,"href":"https:\/\/blogs.elcomercio.es\/hispadata\/wp-json\/wp\/v2\/posts\/430\/revisions"}],"wp:attachment":[{"href":"https:\/\/blogs.elcomercio.es\/hispadata\/wp-json\/wp\/v2\/media?parent=430"}],"wp:term":[{"taxonomy":"category","embeddable":true,"href":"https:\/\/blogs.elcomercio.es\/hispadata\/wp-json\/wp\/v2\/categories?post=430"},{"taxonomy":"post_tag","embeddable":true,"href":"https:\/\/blogs.elcomercio.es\/hispadata\/wp-json\/wp\/v2\/tags?post=430"}],"curies":[{"name":"wp","href":"https:\/\/api.w.org\/{rel}","templated":true}]}}