{"id":434,"date":"2007-12-14T09:51:00","date_gmt":"2007-12-14T08:51:00","guid":{"rendered":"http:\/\/blogs.elcomercio.es\/hispadata\/2007\/12\/14\/estamos-ante-una-crisis-con-todas-las-de-la-ley\/"},"modified":"2007-12-14T09:51:00","modified_gmt":"2007-12-14T08:51:00","slug":"estamos-ante-una-crisis-con-todas-las-de-la-ley","status":"publish","type":"post","link":"https:\/\/blogs.elcomercio.es\/hispadata\/2007\/12\/14\/estamos-ante-una-crisis-con-todas-las-de-la-ley\/","title":{"rendered":"Estamos ante una crisis con todas las de la ley"},"content":{"rendered":"<p><a href=\"http:\/\/4.bp.blogspot.com\/_1Ce0HZD8USI\/R2JG5j8lNYI\/AAAAAAAAADQ\/eC-0YLChK5A\/s1600-h\/150px-USCurrency_Federal_Reserve%5B1%5D.jpg\" rel=\"external nofollow\"><img alt=\"\" src=\"\/\/4.bp.blogspot.com\/_1Ce0HZD8USI\/R2JG5j8lNYI\/AAAAAAAAADQ\/eC-0YLChK5A\/s320\/150px-USCurrency_Federal_Reserve%5B1%5D.jpg\" border=\"0\" \/><\/a><\/p>\n<div>As\u00ed se manifiesta Emilio <span>Ontiveros<\/span>, Catedr\u00e1tico de Econom\u00eda de la Empresa y Consejero Delegado de Analistas Financieros Internacionales.<\/div>\n<div>Entiende que la situaci\u00f3n econ\u00f3mica actual va a tener serias consecuencias para nuestro sistema financiero y que la crisis va a ser mucho mas grave de lo que dicen los pol\u00edticos. Dice que es la primera crisis moderna que nace en las entra\u00f1as del sistema financiero mas avanzado del mundo.<\/div>\n<div>Yo estoy muy de acuerdo con estas manifestaciones ya que el nerviosismo de los mercados es mas que evidente y quiz\u00e1 por ello ayer las bolsas sufrieron unas severas p\u00e9rdidas y probablemente continuar\u00e1n con elevados niveles de volatilidad.<\/div>\n<div>As\u00ed que&#8230;. todo parece indicar que entramos en un periodo de vacas flacas<\/div>\n<!-- AddThis Advanced Settings generic via filter on the_content --><!-- AddThis Share Buttons generic via filter on the_content -->","protected":false},"excerpt":{"rendered":"<p>As\u00ed se manifiesta Emilio Ontiveros, Catedr\u00e1tico de Econom\u00eda de la Empresa y Consejero Delegado de Analistas Financieros Internacionales. Entiende que la situaci\u00f3n econ\u00f3mica actual va a tener serias consecuencias para nuestro sistema financiero y que la crisis va a ser mucho mas grave de lo que dicen los pol\u00edticos. Dice que es la primera crisis [&hellip;]<!-- AddThis Advanced Settings generic via filter on get_the_excerpt --><!-- AddThis Share Buttons generic via filter on get_the_excerpt --><\/p>\n","protected":false},"author":17,"featured_media":0,"comment_status":"open","ping_status":"closed","sticky":false,"template":"","format":"standard","meta":[],"categories":[6],"tags":[],"_links":{"self":[{"href":"https:\/\/blogs.elcomercio.es\/hispadata\/wp-json\/wp\/v2\/posts\/434"}],"collection":[{"href":"https:\/\/blogs.elcomercio.es\/hispadata\/wp-json\/wp\/v2\/posts"}],"about":[{"href":"https:\/\/blogs.elcomercio.es\/hispadata\/wp-json\/wp\/v2\/types\/post"}],"author":[{"embeddable":true,"href":"https:\/\/blogs.elcomercio.es\/hispadata\/wp-json\/wp\/v2\/users\/17"}],"replies":[{"embeddable":true,"href":"https:\/\/blogs.elcomercio.es\/hispadata\/wp-json\/wp\/v2\/comments?post=434"}],"version-history":[{"count":0,"href":"https:\/\/blogs.elcomercio.es\/hispadata\/wp-json\/wp\/v2\/posts\/434\/revisions"}],"wp:attachment":[{"href":"https:\/\/blogs.elcomercio.es\/hispadata\/wp-json\/wp\/v2\/media?parent=434"}],"wp:term":[{"taxonomy":"category","embeddable":true,"href":"https:\/\/blogs.elcomercio.es\/hispadata\/wp-json\/wp\/v2\/categories?post=434"},{"taxonomy":"post_tag","embeddable":true,"href":"https:\/\/blogs.elcomercio.es\/hispadata\/wp-json\/wp\/v2\/tags?post=434"}],"curies":[{"name":"wp","href":"https:\/\/api.w.org\/{rel}","templated":true}]}}