{"id":11,"date":"2007-07-18T22:44:02","date_gmt":"2007-07-18T22:44:02","guid":{"rendered":"http:\/\/blogs.elcomercio.es\/jo_tia\/?p=11"},"modified":"2007-07-18T22:44:02","modified_gmt":"2007-07-18T22:44:02","slug":"en-quedamos","status":"publish","type":"post","link":"https:\/\/blogs.elcomercio.es\/jotia\/2007\/07\/18\/en-quedamos\/","title":{"rendered":"\u00bfEn qu\u00e9 quedamos?"},"content":{"rendered":"<p>Por Leticia Alvarez<\/p>\n<p>Si nos quieren volver locas lo est\u00e1n consiguiendo. Nos pasamos el a\u00f1o tratando de reducir cent\u00edmetros. La misi\u00f3n comienza algo as\u00ed como en enero. Justo cuando arranca la cuesta arriba&nbsp; nosotras inciamos el descenso. Mientras ellos se apretan el cintur\u00f3n, nosotras tambi\u00e9n pero s\u00f3lo confiando en hacerle un nuevo agujero. Arranca as\u00ed una vida de estrecheces. Entonces mediamos, que no llenamos, la cesta de la compra de litros de agua (hay que beberse dos al d\u00eda para notar resultados), de productos que en realidad s\u00f3lo se reducen a s\u00ed mismos en porcentajes de az\u00facares y l\u00edpidos y tambi\u00e9n de m\u00faltiples cremas reductoras. Venga a quitar de aqu\u00ed y de all\u00ed. El caso es rebajar cent\u00edmetros a todo pedazo de piel que ose asomarse por las costuras. Y entonces cuando una cree haber obrado el milagro -que nos se vayan a pensar consiste sencilla y llanamente en lograr cerrar una cremallera que antes no sub\u00eda-, llega el momento de aumentar. S\u00ed, as\u00ed es, aumentar todo lo que d\u00e9 de s\u00ed la imaginaci\u00f3n. Y aqu\u00ed es cuando me pregunto \u00bfen qu\u00e9 quedamos? Porque qu\u00e9 casualidad que el mismo mercado saturado de productos &#8216;light&#8217; contenga adem\u00e1s todo un universo de art\u00edculos &#8216;ox&#8217;, es decir, con efecto relleno. O sin ir m\u00e1s lejos con efecto &#8216;bra&#8217; o &#8216;up&#8217;. Y as\u00ed aparecen los wonderbra para aumentar pecho y hasta medias capaces de hacer de unas posaderas fl\u00e1cidas el espejismo de asemejarse a las de Jennifer L\u00f3pez. Hay rellenadores de p\u00f3mulo, moldeadores de \u00f3valo facial y hasta siliconas para contornear los gemelos de las piernas. Tal es el abanico que sofoca pensar en elegir. Por eso antes de parecer un acorde\u00f3n que aspira a guitarra, no s\u00e9 ustedes, pero yo me quedo como estoy. As\u00ed, de verdad.<\/p>\n<!-- AddThis Advanced Settings generic via filter on the_content --><!-- AddThis Share Buttons generic via filter on the_content -->","protected":false},"excerpt":{"rendered":"<p>Por Leticia Alvarez Si nos quieren volver locas lo est\u00e1n consiguiendo. Nos pasamos el a\u00f1o tratando de reducir cent\u00edmetros. La misi\u00f3n comienza algo as\u00ed como en enero. Justo cuando arranca la cuesta arriba&nbsp; nosotras inciamos el descenso. Mientras ellos se apretan el cintur\u00f3n, nosotras tambi\u00e9n pero s\u00f3lo confiando en hacerle un nuevo agujero. Arranca as\u00ed [&hellip;]<!-- AddThis Advanced Settings generic via filter on get_the_excerpt --><!-- AddThis Share Buttons generic via filter on get_the_excerpt --><\/p>\n","protected":false},"author":27,"featured_media":0,"comment_status":"open","ping_status":"open","sticky":false,"template":"","format":"standard","meta":[],"categories":[2],"tags":[],"_links":{"self":[{"href":"https:\/\/blogs.elcomercio.es\/jotia\/wp-json\/wp\/v2\/posts\/11"}],"collection":[{"href":"https:\/\/blogs.elcomercio.es\/jotia\/wp-json\/wp\/v2\/posts"}],"about":[{"href":"https:\/\/blogs.elcomercio.es\/jotia\/wp-json\/wp\/v2\/types\/post"}],"author":[{"embeddable":true,"href":"https:\/\/blogs.elcomercio.es\/jotia\/wp-json\/wp\/v2\/users\/27"}],"replies":[{"embeddable":true,"href":"https:\/\/blogs.elcomercio.es\/jotia\/wp-json\/wp\/v2\/comments?post=11"}],"version-history":[{"count":0,"href":"https:\/\/blogs.elcomercio.es\/jotia\/wp-json\/wp\/v2\/posts\/11\/revisions"}],"wp:attachment":[{"href":"https:\/\/blogs.elcomercio.es\/jotia\/wp-json\/wp\/v2\/media?parent=11"}],"wp:term":[{"taxonomy":"category","embeddable":true,"href":"https:\/\/blogs.elcomercio.es\/jotia\/wp-json\/wp\/v2\/categories?post=11"},{"taxonomy":"post_tag","embeddable":true,"href":"https:\/\/blogs.elcomercio.es\/jotia\/wp-json\/wp\/v2\/tags?post=11"}],"curies":[{"name":"wp","href":"https:\/\/api.w.org\/{rel}","templated":true}]}}