{"id":12,"date":"2007-07-18T22:58:16","date_gmt":"2007-07-18T22:58:16","guid":{"rendered":"http:\/\/blogs.elcomercio.es\/jo_tia\/?p=12"},"modified":"2007-07-18T22:58:16","modified_gmt":"2007-07-18T22:58:16","slug":"es-agotador-ser-fabuloso","status":"publish","type":"post","link":"https:\/\/blogs.elcomercio.es\/jotia\/2007\/07\/18\/es-agotador-ser-fabuloso\/","title":{"rendered":"\u00abEs agotador ser fabuloso\u00bb"},"content":{"rendered":"<p>Por Mar\u00eda de Alvaro<\/p>\n<p>\u00abEs agotador ser fabuloso\u00bb. Lo dice Victoria Beckham, esa prueba andante de que hasta Coco Chanel pod\u00eda equivocarse cuando sentenciaba aquello de que \u00abno hay una mujer lo suficientemente delgada ni lo suficientemente rica\u00bb. Porque Victoria es m\u00e1s que suficiente y tambi\u00e9n se equivoca, bastante m\u00e1s que la aut\u00e9ntica &#8216;Dama de las camelias&#8217;, con permiso de Alejandro Dumas, por supuest\u00edsimo. El caso es que Posh -\u00bfalguien entiende por qu\u00e9 llaman pija a semejante hortera?- se agota de ser fabulosa cuando lo que agota realmente es ser, sin m\u00e1s. A ella eso no le cansa porque nunca ha sido. Est\u00e1 y le vale. Y aqu\u00ed habr\u00eda que hacer un par\u00e9ntesis para hablar del famoso verbo to be, pero ese es un problema de los angloparlantes y no nuestro, que bastante tenemos con lo que tenemos. As\u00ed que cierro par\u00e9ntesis.<\/p>\n<p>El caso es que me he quedado pensando en el concepto fabulosa, que viene a ser lo mismo que estupenda o sensacionaaaaaal. Y pensando y pensando, con lo malo que es eso cuando se abusa, he llegado a la conclusi\u00f3n de que esta chica tiene raz\u00f3n. La tiene y me fastidia d\u00e1rsela, pero es as\u00ed. Sobre todo en verano.<\/p>\n<p>Sea cual sea el resultado final,&nbsp; est\u00e9 una espectacular o como una fregona con el mocho para arriba, ser mujer en verano es agotador. Yo dir\u00eda que hasta un trabajo que, como el de parir, tendr\u00eda que estar remunerado con 2.500 euros por lo menos. Pienso en la pasta que hay que dejar en depilaciones varias, protectores para que el pelo no se aclare y mechas para que no se oscurezca, cremas para antes, despu\u00e9s y durante el sol; unas para la cara, otras para el cuerpo y hasta las propias de los pies, por no meterme en dar datos m\u00e1s indiscretos. Pienso en todo eso y no me cabe ninguna duda de que s\u00f3lo hay dos opciones. O somos bobas o fuerzas de la naturaleza capaces de cualquier cosa. Mientras me decido por una o por otra, marcho a poner una mascarilla. Nos vemos, chicas. Y chicos.<\/p>\n<!-- AddThis Advanced Settings generic via filter on the_content --><!-- AddThis Share Buttons generic via filter on the_content -->","protected":false},"excerpt":{"rendered":"<p>Por Mar\u00eda de Alvaro \u00abEs agotador ser fabuloso\u00bb. Lo dice Victoria Beckham, esa prueba andante de que hasta Coco Chanel pod\u00eda equivocarse cuando sentenciaba aquello de que \u00abno hay una mujer lo suficientemente delgada ni lo suficientemente rica\u00bb. Porque Victoria es m\u00e1s que suficiente y tambi\u00e9n se equivoca, bastante m\u00e1s que la aut\u00e9ntica &#8216;Dama de [&hellip;]<!-- AddThis Advanced Settings generic via filter on get_the_excerpt --><!-- AddThis Share Buttons generic via filter on get_the_excerpt --><\/p>\n","protected":false},"author":27,"featured_media":0,"comment_status":"open","ping_status":"open","sticky":false,"template":"","format":"standard","meta":[],"categories":[2],"tags":[],"_links":{"self":[{"href":"https:\/\/blogs.elcomercio.es\/jotia\/wp-json\/wp\/v2\/posts\/12"}],"collection":[{"href":"https:\/\/blogs.elcomercio.es\/jotia\/wp-json\/wp\/v2\/posts"}],"about":[{"href":"https:\/\/blogs.elcomercio.es\/jotia\/wp-json\/wp\/v2\/types\/post"}],"author":[{"embeddable":true,"href":"https:\/\/blogs.elcomercio.es\/jotia\/wp-json\/wp\/v2\/users\/27"}],"replies":[{"embeddable":true,"href":"https:\/\/blogs.elcomercio.es\/jotia\/wp-json\/wp\/v2\/comments?post=12"}],"version-history":[{"count":0,"href":"https:\/\/blogs.elcomercio.es\/jotia\/wp-json\/wp\/v2\/posts\/12\/revisions"}],"wp:attachment":[{"href":"https:\/\/blogs.elcomercio.es\/jotia\/wp-json\/wp\/v2\/media?parent=12"}],"wp:term":[{"taxonomy":"category","embeddable":true,"href":"https:\/\/blogs.elcomercio.es\/jotia\/wp-json\/wp\/v2\/categories?post=12"},{"taxonomy":"post_tag","embeddable":true,"href":"https:\/\/blogs.elcomercio.es\/jotia\/wp-json\/wp\/v2\/tags?post=12"}],"curies":[{"name":"wp","href":"https:\/\/api.w.org\/{rel}","templated":true}]}}