{"id":1679,"date":"2019-05-10T19:46:29","date_gmt":"2019-05-10T17:46:29","guid":{"rendered":"https:\/\/blogs.elcomercio.es\/jotia\/?p=1679"},"modified":"2019-05-10T19:55:33","modified_gmt":"2019-05-10T17:55:33","slug":"arboles-cielos-rocas-fotos-y-poesia","status":"publish","type":"post","link":"https:\/\/blogs.elcomercio.es\/jotia\/2019\/05\/10\/arboles-cielos-rocas-fotos-y-poesia\/","title":{"rendered":"\u00c1rboles, cielos, rocas, fotos y poes\u00eda"},"content":{"rendered":"<div id=\"attachment_1680\" style=\"width: 310px\" class=\"wp-caption alignnone\"><a href=\"https:\/\/static-blogs.elcomercio.es\/wp-content\/uploads\/sites\/27\/2019\/05\/bellasartes.jpg\"><img aria-describedby=\"caption-attachment-1680\" loading=\"lazy\" class=\"size-medium wp-image-1680\" src=\"https:\/\/static-blogs.elcomercio.es\/wp-content\/uploads\/sites\/27\/2019\/05\/bellasartes-300x207.jpg\" alt=\"visita guiada por jose manuel cuervo arango en su exposicion del museo bellas artes oviedo 09 05 19 foto alex pi\u00f1a\" width=\"300\" height=\"207\" \/><\/a><p id=\"caption-attachment-1680\" class=\"wp-caption-text\"><em>foto: Alex Pi\u00f1a<\/em><\/p><\/div>\n<p>Para el hombre que no tiene conocimiento<br \/>\nlos \u00e1rboles son s\u00f3lo \u00e1rboles<br \/>\nel cielo es s\u00f3lo cielo<br \/>\ny las rocas son solo rocas.<\/p>\n<p>Pero para el hombre con algo de conocimiento<br \/>\nlos \u00e1rboles ya no ser\u00e1n solo \u00e1rboles<br \/>\nel cielo no ser\u00e1 s\u00f3lo cielo<br \/>\ny las rocas no ser\u00e1n solo rocas.<\/p>\n<p>Sin embargo, para el hombre con pleno conocimiento<br \/>\nlos \u00e1rboles son de nuevo s\u00f3lo \u00e1rboles<br \/>\nel cielo s\u00f3lo cielo<br \/>\ny las rocas, una vez m\u00e1s, s\u00f3lo rocas.<\/p>\n<p>&nbsp;<\/p>\n<p>Rescata estas palabras que no s\u00e9 si llamar poema o f\u00e1bula o cuento Jos\u00e9 Ram\u00f3n Cuervo-Arango para su exposici\u00f3n de fotograf\u00eda en el Bellas Artes de Asturias. Las rescata precisamente para presentar \u00e1rboles, cielos, rocas&#8230; caballos, edificios, calderos y hasta nietos que son s\u00f3lo son eso, que no es poco, sino todo.<br \/>\nCuervo-Arango ha colgado en el museo un conjunto de &#8220;emociones&#8221;, \u00e9l las llama as\u00ed, que Juan Manuel Bonet ha bautizado como \u201cmicrohistorias\u201d, casi \u201cnovelas\u201d. All\u00ed hay un &#8216;holand\u00e9s errante&#8217; entre las brumas del cabo Pe\u00f1as, cantos rodados que parece que hablan y otros que guardan escrupulosos silencios. Hay ni\u00f1os que son &#8216;caricias del alma&#8217; y lomos de vaca que se confunden con la partitura de una melod\u00eda secreta. Hay edificios que se caen y otros que se levantan y escaleras por las que dan ganas de subir a donde sea, incluida ninguna parte. Hay hortensias que parecen joyas, probablemente porque lo son, y cementerios en los se escucha el silencio, seguramente porque suena.<br \/>\nHay fotos, todas en blanco y negro, todas en peque\u00f1o formato, y todas cargadas de poes\u00eda. Y son s\u00f3lo fotos. O sea, un mundo. O varios.<\/p>\n<!-- AddThis Advanced Settings generic via filter on the_content --><!-- AddThis Share Buttons generic via filter on the_content -->","protected":false},"excerpt":{"rendered":"<p>Para el hombre que no tiene conocimiento los \u00e1rboles son s\u00f3lo \u00e1rboles el cielo es s\u00f3lo cielo y las rocas son solo rocas. Pero para el hombre con algo de conocimiento los \u00e1rboles ya no ser\u00e1n solo \u00e1rboles el cielo no ser\u00e1 s\u00f3lo cielo y las rocas no ser\u00e1n solo rocas. Sin embargo, para el [&hellip;]<!-- AddThis Advanced Settings generic via filter on get_the_excerpt --><!-- AddThis Share Buttons generic via filter on get_the_excerpt --><\/p>\n","protected":false},"author":27,"featured_media":0,"comment_status":"open","ping_status":"closed","sticky":false,"template":"","format":"standard","meta":[],"categories":[1],"tags":[],"_links":{"self":[{"href":"https:\/\/blogs.elcomercio.es\/jotia\/wp-json\/wp\/v2\/posts\/1679"}],"collection":[{"href":"https:\/\/blogs.elcomercio.es\/jotia\/wp-json\/wp\/v2\/posts"}],"about":[{"href":"https:\/\/blogs.elcomercio.es\/jotia\/wp-json\/wp\/v2\/types\/post"}],"author":[{"embeddable":true,"href":"https:\/\/blogs.elcomercio.es\/jotia\/wp-json\/wp\/v2\/users\/27"}],"replies":[{"embeddable":true,"href":"https:\/\/blogs.elcomercio.es\/jotia\/wp-json\/wp\/v2\/comments?post=1679"}],"version-history":[{"count":3,"href":"https:\/\/blogs.elcomercio.es\/jotia\/wp-json\/wp\/v2\/posts\/1679\/revisions"}],"predecessor-version":[{"id":1683,"href":"https:\/\/blogs.elcomercio.es\/jotia\/wp-json\/wp\/v2\/posts\/1679\/revisions\/1683"}],"wp:attachment":[{"href":"https:\/\/blogs.elcomercio.es\/jotia\/wp-json\/wp\/v2\/media?parent=1679"}],"wp:term":[{"taxonomy":"category","embeddable":true,"href":"https:\/\/blogs.elcomercio.es\/jotia\/wp-json\/wp\/v2\/categories?post=1679"},{"taxonomy":"post_tag","embeddable":true,"href":"https:\/\/blogs.elcomercio.es\/jotia\/wp-json\/wp\/v2\/tags?post=1679"}],"curies":[{"name":"wp","href":"https:\/\/api.w.org\/{rel}","templated":true}]}}