{"id":171,"date":"2008-05-08T18:47:31","date_gmt":"2008-05-08T18:47:31","guid":{"rendered":"http:\/\/blogs.elcomercio.es\/jo_tia\/?p=171"},"modified":"2008-05-08T18:47:31","modified_gmt":"2008-05-08T18:47:31","slug":"ibias-university","status":"publish","type":"post","link":"https:\/\/blogs.elcomercio.es\/jotia\/2008\/05\/08\/ibias-university\/","title":{"rendered":"Ibias University"},"content":{"rendered":"<p>Por Mar\u00eda de \u00c1lvaro:<\/p>\n<p> Cada d\u00eda lo tengo m\u00e1s claro: Ca\u00edn era asturiano. Y ahora, adem\u00e1s, s\u00e9 que estudi\u00f3 en la Universidad de Oviedo. Porque ahora resulta que el rector anuncia titulaciones nuevas y aqu\u00ed \u00bfqu\u00e9 se discute? Pues lo normal: d\u00f3nde las ponemos. Porque qu\u00e9 nos importar\u00e1 a nosotros si la futura posible Escuela de Arquitectura va a formar futuros posibles arquitectos buenos, malos o regulares. Y bastante m\u00e1s nos dar\u00e1 si la futura posible Facultad de Periodismo va hacer lo propio con los futuros posibles periodistas, en este segundo caso con alguna dificultad a\u00f1adida, aunque ese es otro tema.<\/p>\n<p> Aqu\u00ed eso nos da igual. Porque aqu\u00ed lo importante es que Gij\u00f3n se pegue con Mieres y Avil\u00e9s con Oviedo y Oviedo con Gij\u00f3n y Gij\u00f3n con Avil\u00e9s y as\u00ed todas las combinaciones posibles. Siempre, claro, elevadas a la en\u00e9sima potencia, que para eso semos asturianos y para eso tenemos un sentimiento de Ayuntamiento-Estado que da miedo y que s\u00f3lo nos vale para una cosa: hacer el rid\u00edculo.<\/p>\n<p> Y ya puestos, digo yo que por qu\u00e9 no montamos primero la Ibias University y despu\u00e9s la de Llanes y luego hacemos competiciones de tiro con gomeru. Una cosa como las carreras de remo entre Cambridge y Oxford pero por lo astur. Lo veo.<\/p>\n<!-- AddThis Advanced Settings generic via filter on the_content --><!-- AddThis Share Buttons generic via filter on the_content -->","protected":false},"excerpt":{"rendered":"<p>Por Mar\u00eda de \u00c1lvaro: Cada d\u00eda lo tengo m\u00e1s claro: Ca\u00edn era asturiano. Y ahora, adem\u00e1s, s\u00e9 que estudi\u00f3 en la Universidad de Oviedo. Porque ahora resulta que el rector anuncia titulaciones nuevas y aqu\u00ed \u00bfqu\u00e9 se discute? Pues lo normal: d\u00f3nde las ponemos. Porque qu\u00e9 nos importar\u00e1 a nosotros si la futura posible Escuela [&hellip;]<!-- AddThis Advanced Settings generic via filter on get_the_excerpt --><!-- AddThis Share Buttons generic via filter on get_the_excerpt --><\/p>\n","protected":false},"author":27,"featured_media":0,"comment_status":"open","ping_status":"open","sticky":false,"template":"","format":"standard","meta":[],"categories":[2],"tags":[],"_links":{"self":[{"href":"https:\/\/blogs.elcomercio.es\/jotia\/wp-json\/wp\/v2\/posts\/171"}],"collection":[{"href":"https:\/\/blogs.elcomercio.es\/jotia\/wp-json\/wp\/v2\/posts"}],"about":[{"href":"https:\/\/blogs.elcomercio.es\/jotia\/wp-json\/wp\/v2\/types\/post"}],"author":[{"embeddable":true,"href":"https:\/\/blogs.elcomercio.es\/jotia\/wp-json\/wp\/v2\/users\/27"}],"replies":[{"embeddable":true,"href":"https:\/\/blogs.elcomercio.es\/jotia\/wp-json\/wp\/v2\/comments?post=171"}],"version-history":[{"count":0,"href":"https:\/\/blogs.elcomercio.es\/jotia\/wp-json\/wp\/v2\/posts\/171\/revisions"}],"wp:attachment":[{"href":"https:\/\/blogs.elcomercio.es\/jotia\/wp-json\/wp\/v2\/media?parent=171"}],"wp:term":[{"taxonomy":"category","embeddable":true,"href":"https:\/\/blogs.elcomercio.es\/jotia\/wp-json\/wp\/v2\/categories?post=171"},{"taxonomy":"post_tag","embeddable":true,"href":"https:\/\/blogs.elcomercio.es\/jotia\/wp-json\/wp\/v2\/tags?post=171"}],"curies":[{"name":"wp","href":"https:\/\/api.w.org\/{rel}","templated":true}]}}