{"id":175,"date":"2008-05-12T16:18:41","date_gmt":"2008-05-12T16:18:41","guid":{"rendered":"http:\/\/blogs.elcomercio.es\/jo_tia\/?p=175"},"modified":"2008-05-12T16:18:41","modified_gmt":"2008-05-12T16:18:41","slug":"una-historia","status":"publish","type":"post","link":"https:\/\/blogs.elcomercio.es\/jotia\/2008\/05\/12\/una-historia\/","title":{"rendered":"Una historia"},"content":{"rendered":"<p>Por Mar\u00eda de \u00c1lvaro:<\/p>\n<p>He le\u00eddo una historia de esas que conmueven, a pesar de que el verbo, de tan manoseado, est\u00e1 casi a punto de perder su significado. Pero no importa. A m\u00ed me conmovi\u00f3. Y pens\u00e9 en contarla, pero luego tambi\u00e9n pens\u00e9 que no hab\u00eda ninguna necesidad, porque Ignacio del Valle escribe much\u00edsimo mejor. As\u00ed que ah\u00ed va. No os la perd\u00e1is. Es la del 1 de mayo, por cierto.<\/p>\n<p><a href=\"http:\/\/ignaciodelvalle.blogspot.com\/search?updated-max=2008-05-05T00%3A33%3A00%2B02%3A00&#038;max-results=7\" rel=\"external nofollow\">http:\/\/ignaciodelvalle.blogspot.com\/search?updated-max=2008-05-05T00%3A33%3A00%2B02%3A00&#038;max-results=7<\/a><\/p>\n<!-- AddThis Advanced Settings generic via filter on the_content --><!-- AddThis Share Buttons generic via filter on the_content -->","protected":false},"excerpt":{"rendered":"<p>Por Mar\u00eda de \u00c1lvaro: He le\u00eddo una historia de esas que conmueven, a pesar de que el verbo, de tan manoseado, est\u00e1 casi a punto de perder su significado. Pero no importa. A m\u00ed me conmovi\u00f3. Y pens\u00e9 en contarla, pero luego tambi\u00e9n pens\u00e9 que no hab\u00eda ninguna necesidad, porque Ignacio del Valle escribe much\u00edsimo [&hellip;]<!-- AddThis Advanced Settings generic via filter on get_the_excerpt --><!-- AddThis Share Buttons generic via filter on get_the_excerpt --><\/p>\n","protected":false},"author":27,"featured_media":0,"comment_status":"open","ping_status":"open","sticky":false,"template":"","format":"standard","meta":[],"categories":[2],"tags":[],"_links":{"self":[{"href":"https:\/\/blogs.elcomercio.es\/jotia\/wp-json\/wp\/v2\/posts\/175"}],"collection":[{"href":"https:\/\/blogs.elcomercio.es\/jotia\/wp-json\/wp\/v2\/posts"}],"about":[{"href":"https:\/\/blogs.elcomercio.es\/jotia\/wp-json\/wp\/v2\/types\/post"}],"author":[{"embeddable":true,"href":"https:\/\/blogs.elcomercio.es\/jotia\/wp-json\/wp\/v2\/users\/27"}],"replies":[{"embeddable":true,"href":"https:\/\/blogs.elcomercio.es\/jotia\/wp-json\/wp\/v2\/comments?post=175"}],"version-history":[{"count":0,"href":"https:\/\/blogs.elcomercio.es\/jotia\/wp-json\/wp\/v2\/posts\/175\/revisions"}],"wp:attachment":[{"href":"https:\/\/blogs.elcomercio.es\/jotia\/wp-json\/wp\/v2\/media?parent=175"}],"wp:term":[{"taxonomy":"category","embeddable":true,"href":"https:\/\/blogs.elcomercio.es\/jotia\/wp-json\/wp\/v2\/categories?post=175"},{"taxonomy":"post_tag","embeddable":true,"href":"https:\/\/blogs.elcomercio.es\/jotia\/wp-json\/wp\/v2\/tags?post=175"}],"curies":[{"name":"wp","href":"https:\/\/api.w.org\/{rel}","templated":true}]}}