{"id":177,"date":"2008-05-14T13:34:00","date_gmt":"2008-05-14T13:34:00","guid":{"rendered":"http:\/\/blogs.elcomercio.es\/jo_tia\/?p=177"},"modified":"2008-05-14T13:34:00","modified_gmt":"2008-05-14T13:34:00","slug":"que-viejos-somos","status":"publish","type":"post","link":"https:\/\/blogs.elcomercio.es\/jotia\/2008\/05\/14\/que-viejos-somos\/","title":{"rendered":"Qu\u00e9 viejos somos"},"content":{"rendered":"<p>Por Mar\u00eda de \u00c1lvaro:<\/p>\n<p> Mis abuelos se conocieron en el Parque Japon\u00e9s y mis padres, en un guateque. Como todos. Y yo, como todos, o\u00ed mil historias de bailes agarraos pero sin tocar, de vinos Corales en El Jard\u00edn, de cartas desde la mili&#8230; Mil historias de j\u00f3venes que hoy no lo son tanto. Mil historias en blanco y negro. Y cuando uno (una) oye esas historias y tiene 15 a\u00f1os se piensa que \u00e9l (ella) jam\u00e1s va a ser el narrador de ninguna. Porque cuando uno (una) tiene 15 a\u00f1os, y hasta 25, tiende a creer que los va a tener siempre. Hasta que un d\u00eda, con 33, le dicen que no va a haber m\u00e1s romer\u00edas en Somi\u00f3. Ni en Deva. Y entonces empieza a acordarse de tantas y tantas noches. De tantas y tantas historias con Virginia, y con Fernanda, y con Luc\u00eda, y con Carmen, y con Elena, y con Valme, y con Alicia, y con Susana, y con In\u00e9s, y con Tona&#8230; Y se ve cont\u00e1ndole un d\u00eda a sus nietos aquellas pel\u00edculas. Y se siente vieja. Viej\u00edsima. Porque yo ya sabia que el Parque Japon\u00e9s no existe. Pero yo all\u00ed no conoc\u00ed a nadie. Ni siquiera en un guateque.<\/p>\n<!-- AddThis Advanced Settings generic via filter on the_content --><!-- AddThis Share Buttons generic via filter on the_content -->","protected":false},"excerpt":{"rendered":"<p>Por Mar\u00eda de \u00c1lvaro: Mis abuelos se conocieron en el Parque Japon\u00e9s y mis padres, en un guateque. Como todos. Y yo, como todos, o\u00ed mil historias de bailes agarraos pero sin tocar, de vinos Corales en El Jard\u00edn, de cartas desde la mili&#8230; Mil historias de j\u00f3venes que hoy no lo son tanto. Mil [&hellip;]<!-- AddThis Advanced Settings generic via filter on get_the_excerpt --><!-- AddThis Share Buttons generic via filter on get_the_excerpt --><\/p>\n","protected":false},"author":27,"featured_media":0,"comment_status":"open","ping_status":"open","sticky":false,"template":"","format":"standard","meta":[],"categories":[2],"tags":[],"_links":{"self":[{"href":"https:\/\/blogs.elcomercio.es\/jotia\/wp-json\/wp\/v2\/posts\/177"}],"collection":[{"href":"https:\/\/blogs.elcomercio.es\/jotia\/wp-json\/wp\/v2\/posts"}],"about":[{"href":"https:\/\/blogs.elcomercio.es\/jotia\/wp-json\/wp\/v2\/types\/post"}],"author":[{"embeddable":true,"href":"https:\/\/blogs.elcomercio.es\/jotia\/wp-json\/wp\/v2\/users\/27"}],"replies":[{"embeddable":true,"href":"https:\/\/blogs.elcomercio.es\/jotia\/wp-json\/wp\/v2\/comments?post=177"}],"version-history":[{"count":0,"href":"https:\/\/blogs.elcomercio.es\/jotia\/wp-json\/wp\/v2\/posts\/177\/revisions"}],"wp:attachment":[{"href":"https:\/\/blogs.elcomercio.es\/jotia\/wp-json\/wp\/v2\/media?parent=177"}],"wp:term":[{"taxonomy":"category","embeddable":true,"href":"https:\/\/blogs.elcomercio.es\/jotia\/wp-json\/wp\/v2\/categories?post=177"},{"taxonomy":"post_tag","embeddable":true,"href":"https:\/\/blogs.elcomercio.es\/jotia\/wp-json\/wp\/v2\/tags?post=177"}],"curies":[{"name":"wp","href":"https:\/\/api.w.org\/{rel}","templated":true}]}}