{"id":178,"date":"2008-05-14T17:40:15","date_gmt":"2008-05-14T17:40:15","guid":{"rendered":"http:\/\/blogs.elcomercio.es\/jo_tia\/?p=178"},"modified":"2008-05-14T17:40:15","modified_gmt":"2008-05-14T17:40:15","slug":"los-cobardes-mueren-muchas-veces-2","status":"publish","type":"post","link":"https:\/\/blogs.elcomercio.es\/jotia\/2008\/05\/14\/los-cobardes-mueren-muchas-veces-2\/","title":{"rendered":"Los cobardes mueren muchas veces"},"content":{"rendered":"<p>Por Mar\u00eda de \u00c1lvaro:<\/p>\n<p> &#8220;Los cobardes mueren muchas veces antes de su verdadera muerte; los valientes gustan la muerte s\u00f3lo una vez&#8221;. Llevo d\u00e1ndole vueltas a la famosa frase de Shakespeare desde que esta ma\u00f1ana me enter\u00e9 del atentado. No s\u00e9 si hay que ser valiente para ser Guardia Civil en el Pa\u00eds Vasco. Supongo que s\u00ed. Pero lo que s\u00ed hay que ser es una persona normal y corriente, que se levanta cada ma\u00f1ana para ir a currar, que hace de cuando en cuando una Primitiva mientras sue\u00f1a con el fin de su hipoteca, que espera que cada domingo gane su equipo, que conf\u00eda en que sus hijos crezcan y en que sean b\u00e1sicamente felices&#8230; Supongo que, al final, ser normal y corriente es ser valiente. Y estoy segura de que Juan Manuel Pi\u00f1uel lo era. Porque los cobardes son los otros. Los que aprietan el gatillo, o detonan la bomba. Ellos y los que llevan a\u00f1os cocinando un caldo putrefacto en la calle y en las ikastolas, y todav\u00eda se sorprenden. Esos que dicen que est\u00e1n hartos de ETA. Como si estar harto fuera suficiente.<\/p>\n<!-- AddThis Advanced Settings generic via filter on the_content --><!-- AddThis Share Buttons generic via filter on the_content -->","protected":false},"excerpt":{"rendered":"<p>Por Mar\u00eda de \u00c1lvaro: &#8220;Los cobardes mueren muchas veces antes de su verdadera muerte; los valientes gustan la muerte s\u00f3lo una vez&#8221;. Llevo d\u00e1ndole vueltas a la famosa frase de Shakespeare desde que esta ma\u00f1ana me enter\u00e9 del atentado. No s\u00e9 si hay que ser valiente para ser Guardia Civil en el Pa\u00eds Vasco. Supongo [&hellip;]<!-- AddThis Advanced Settings generic via filter on get_the_excerpt --><!-- AddThis Share Buttons generic via filter on get_the_excerpt --><\/p>\n","protected":false},"author":27,"featured_media":0,"comment_status":"open","ping_status":"open","sticky":false,"template":"","format":"standard","meta":[],"categories":[2],"tags":[],"_links":{"self":[{"href":"https:\/\/blogs.elcomercio.es\/jotia\/wp-json\/wp\/v2\/posts\/178"}],"collection":[{"href":"https:\/\/blogs.elcomercio.es\/jotia\/wp-json\/wp\/v2\/posts"}],"about":[{"href":"https:\/\/blogs.elcomercio.es\/jotia\/wp-json\/wp\/v2\/types\/post"}],"author":[{"embeddable":true,"href":"https:\/\/blogs.elcomercio.es\/jotia\/wp-json\/wp\/v2\/users\/27"}],"replies":[{"embeddable":true,"href":"https:\/\/blogs.elcomercio.es\/jotia\/wp-json\/wp\/v2\/comments?post=178"}],"version-history":[{"count":0,"href":"https:\/\/blogs.elcomercio.es\/jotia\/wp-json\/wp\/v2\/posts\/178\/revisions"}],"wp:attachment":[{"href":"https:\/\/blogs.elcomercio.es\/jotia\/wp-json\/wp\/v2\/media?parent=178"}],"wp:term":[{"taxonomy":"category","embeddable":true,"href":"https:\/\/blogs.elcomercio.es\/jotia\/wp-json\/wp\/v2\/categories?post=178"},{"taxonomy":"post_tag","embeddable":true,"href":"https:\/\/blogs.elcomercio.es\/jotia\/wp-json\/wp\/v2\/tags?post=178"}],"curies":[{"name":"wp","href":"https:\/\/api.w.org\/{rel}","templated":true}]}}