{"id":18,"date":"2007-07-21T14:30:01","date_gmt":"2007-07-21T14:30:01","guid":{"rendered":"http:\/\/blogs.elcomercio.es\/jo_tia\/?p=18"},"modified":"2007-07-21T14:30:01","modified_gmt":"2007-07-21T14:30:01","slug":"la-se-ha-liao","status":"publish","type":"post","link":"https:\/\/blogs.elcomercio.es\/jotia\/2007\/07\/21\/la-se-ha-liao\/","title":{"rendered":"La que se ha &#039;liao&#039;"},"content":{"rendered":"<p>Por Leticia \u00c1lvarez<\/p>\n<p>Vaya la que se ha &#8216;liao&#8217; con la portada del &#8216;Jueves&#8217;. Anoche sal\u00ed a cenar con una pandi de matrimonios y no se hablo de otra cosa. Claro que entre ellos y nosotras mediaba cierta distancia a la hora de comentar las im\u00e1genes de la c\u00f3mica parejita. Yo sostengo que a Leti, de la que soy fan y no solo por tocaya, la publicaci\u00f3n no le ha molestado en absoluto. Estoy convencida de que la princesa asturiana tiene bastante m\u00e1s sentido del humor del que imaginamos. Basta recordar el chiste que se le adjudic\u00f3 en su d\u00eda&#8230; Vamos el que Sabina dijo que ella hab\u00eda contado y esas cosas. Adem\u00e1s no nos pongamos mojigatos a estas alturas, que el Jueves viene dando estopa a la Casa desde que es Jueves, y a nadie se le rasgaron las vestiduras. <\/p>\n<p>M\u00e1s bien creo que molest\u00f3 el contenido, es decir la burla contra la \u00faltima medida electoralista de ZP que consiste en dar 2.500 euros por alumbramiento.<\/p>\n<p>Ahora bien si se se trata de opinar del dibujito a m\u00ed me parece que es de mal gusto. En fin, una es as\u00ed de sencilla.<\/p>\n<!-- AddThis Advanced Settings generic via filter on the_content --><!-- AddThis Share Buttons generic via filter on the_content -->","protected":false},"excerpt":{"rendered":"<p>Por Leticia \u00c1lvarez Vaya la que se ha &#8216;liao&#8217; con la portada del &#8216;Jueves&#8217;. Anoche sal\u00ed a cenar con una pandi de matrimonios y no se hablo de otra cosa. Claro que entre ellos y nosotras mediaba cierta distancia a la hora de comentar las im\u00e1genes de la c\u00f3mica parejita. Yo sostengo que a Leti, [&hellip;]<!-- AddThis Advanced Settings generic via filter on get_the_excerpt --><!-- AddThis Share Buttons generic via filter on get_the_excerpt --><\/p>\n","protected":false},"author":27,"featured_media":0,"comment_status":"open","ping_status":"open","sticky":false,"template":"","format":"standard","meta":[],"categories":[2],"tags":[],"_links":{"self":[{"href":"https:\/\/blogs.elcomercio.es\/jotia\/wp-json\/wp\/v2\/posts\/18"}],"collection":[{"href":"https:\/\/blogs.elcomercio.es\/jotia\/wp-json\/wp\/v2\/posts"}],"about":[{"href":"https:\/\/blogs.elcomercio.es\/jotia\/wp-json\/wp\/v2\/types\/post"}],"author":[{"embeddable":true,"href":"https:\/\/blogs.elcomercio.es\/jotia\/wp-json\/wp\/v2\/users\/27"}],"replies":[{"embeddable":true,"href":"https:\/\/blogs.elcomercio.es\/jotia\/wp-json\/wp\/v2\/comments?post=18"}],"version-history":[{"count":0,"href":"https:\/\/blogs.elcomercio.es\/jotia\/wp-json\/wp\/v2\/posts\/18\/revisions"}],"wp:attachment":[{"href":"https:\/\/blogs.elcomercio.es\/jotia\/wp-json\/wp\/v2\/media?parent=18"}],"wp:term":[{"taxonomy":"category","embeddable":true,"href":"https:\/\/blogs.elcomercio.es\/jotia\/wp-json\/wp\/v2\/categories?post=18"},{"taxonomy":"post_tag","embeddable":true,"href":"https:\/\/blogs.elcomercio.es\/jotia\/wp-json\/wp\/v2\/tags?post=18"}],"curies":[{"name":"wp","href":"https:\/\/api.w.org\/{rel}","templated":true}]}}