{"id":19,"date":"2007-07-21T17:22:27","date_gmt":"2007-07-21T17:22:27","guid":{"rendered":"http:\/\/blogs.elcomercio.es\/jo_tia\/?p=19"},"modified":"2007-07-21T17:22:27","modified_gmt":"2007-07-21T17:22:27","slug":"a-jordi","status":"publish","type":"post","link":"https:\/\/blogs.elcomercio.es\/jotia\/2007\/07\/21\/a-jordi\/","title":{"rendered":"A Jordi"},"content":{"rendered":"<p>Por Leticia \u00c1lvarez<\/p>\n<p>De mentideros y de mentirosos est\u00e1 lleno el mundo. Yo no s\u00e9 qui\u00e9n orden\u00f3 a la Fiscal\u00eda que actuara de oficio en el tema de la portada del Jueves, pero antes de echar la culpa a alguien prefiero quedarme corta. <br \/>Adem\u00e1s me parece que el centro de la diana siempre es el mismo. Es demag\u00f3gico decir que Letizia est\u00e1 detr\u00e1s de la dr\u00e1stica medida. No creo que entre toma y toma de Sof\u00eda se preocupe por lo que publica un medio que, insisto, no es la primera vez que hace humor con la Familia Real. M\u00e1s a\u00fan, de todos sus miembros quiz\u00e1s es ella quien m\u00e1s comentarios ha tenido que soportar sobre su persona. As\u00ed que no pienso que haya sido un dibujo, por muy grosero que pueda resultar, la gota que colm\u00f3 el vaso de su paciencia.<\/p>\n<!-- AddThis Advanced Settings generic via filter on the_content --><!-- AddThis Share Buttons generic via filter on the_content -->","protected":false},"excerpt":{"rendered":"<p>Por Leticia \u00c1lvarez De mentideros y de mentirosos est\u00e1 lleno el mundo. Yo no s\u00e9 qui\u00e9n orden\u00f3 a la Fiscal\u00eda que actuara de oficio en el tema de la portada del Jueves, pero antes de echar la culpa a alguien prefiero quedarme corta. Adem\u00e1s me parece que el centro de la diana siempre es el [&hellip;]<!-- AddThis Advanced Settings generic via filter on get_the_excerpt --><!-- AddThis Share Buttons generic via filter on get_the_excerpt --><\/p>\n","protected":false},"author":27,"featured_media":0,"comment_status":"open","ping_status":"open","sticky":false,"template":"","format":"standard","meta":[],"categories":[2],"tags":[],"_links":{"self":[{"href":"https:\/\/blogs.elcomercio.es\/jotia\/wp-json\/wp\/v2\/posts\/19"}],"collection":[{"href":"https:\/\/blogs.elcomercio.es\/jotia\/wp-json\/wp\/v2\/posts"}],"about":[{"href":"https:\/\/blogs.elcomercio.es\/jotia\/wp-json\/wp\/v2\/types\/post"}],"author":[{"embeddable":true,"href":"https:\/\/blogs.elcomercio.es\/jotia\/wp-json\/wp\/v2\/users\/27"}],"replies":[{"embeddable":true,"href":"https:\/\/blogs.elcomercio.es\/jotia\/wp-json\/wp\/v2\/comments?post=19"}],"version-history":[{"count":0,"href":"https:\/\/blogs.elcomercio.es\/jotia\/wp-json\/wp\/v2\/posts\/19\/revisions"}],"wp:attachment":[{"href":"https:\/\/blogs.elcomercio.es\/jotia\/wp-json\/wp\/v2\/media?parent=19"}],"wp:term":[{"taxonomy":"category","embeddable":true,"href":"https:\/\/blogs.elcomercio.es\/jotia\/wp-json\/wp\/v2\/categories?post=19"},{"taxonomy":"post_tag","embeddable":true,"href":"https:\/\/blogs.elcomercio.es\/jotia\/wp-json\/wp\/v2\/tags?post=19"}],"curies":[{"name":"wp","href":"https:\/\/api.w.org\/{rel}","templated":true}]}}