{"id":234,"date":"2008-08-25T20:17:02","date_gmt":"2008-08-25T20:17:02","guid":{"rendered":"http:\/\/blogs.elcomercio.es\/jo_tia\/?p=234"},"modified":"2008-08-25T20:17:02","modified_gmt":"2008-08-25T20:17:02","slug":"al-platu-vieyu","status":"publish","type":"post","link":"https:\/\/blogs.elcomercio.es\/jotia\/2008\/08\/25\/al-platu-vieyu\/","title":{"rendered":"Al platu por vieyu"},"content":{"rendered":"<p style=\"margin-bottom: 0cm\">\n<p style=\"margin-bottom: 0cm\">Carlos Menem, ese hombre al que no hay forma de distinguir d\u00f3nde le empiezan las cejas y d\u00f3nde las patillas, ha vuelto con su mujer de toda la vida, que es como se suele llamar a la primera y, por lo general, m\u00e1s duradera de las mujeres &#8216;oficiales&#8217; de un hombre. Exactamente igual que viceversa, claro est\u00e1. El caso es que Carlos Menem, tambi\u00e9n conocido por tener un gusto exquisito a la hora de elegir el tinte del pelo, pasa de la rubia Bolocco y regresa al hogar primigenio. Y yo, si tuviera el d\u00eda \u00e1cido, pues pensar\u00eda que a Menem le pas\u00f3 como al arbeyu, que volvi\u00f3 al  platu por vieyu, pero como tengo el d\u00eda tonto pues hasta me ha parecido rom\u00e1ntico y todo. Voy a ver si tomo un poco el aire que me estoy poniendo insoportable. Aviso.<\/p>\n<!-- AddThis Advanced Settings generic via filter on the_content --><!-- AddThis Share Buttons generic via filter on the_content -->","protected":false},"excerpt":{"rendered":"<p>Carlos Menem, ese hombre al que no hay forma de distinguir d\u00f3nde le empiezan las cejas y d\u00f3nde las patillas, ha vuelto con su mujer de toda la vida, que es como se suele llamar a la primera y, por lo general, m\u00e1s duradera de las mujeres &#8216;oficiales&#8217; de un hombre. Exactamente igual que viceversa, [&hellip;]<!-- AddThis Advanced Settings generic via filter on get_the_excerpt --><!-- AddThis Share Buttons generic via filter on get_the_excerpt --><\/p>\n","protected":false},"author":27,"featured_media":0,"comment_status":"open","ping_status":"open","sticky":false,"template":"","format":"standard","meta":[],"categories":[2],"tags":[],"_links":{"self":[{"href":"https:\/\/blogs.elcomercio.es\/jotia\/wp-json\/wp\/v2\/posts\/234"}],"collection":[{"href":"https:\/\/blogs.elcomercio.es\/jotia\/wp-json\/wp\/v2\/posts"}],"about":[{"href":"https:\/\/blogs.elcomercio.es\/jotia\/wp-json\/wp\/v2\/types\/post"}],"author":[{"embeddable":true,"href":"https:\/\/blogs.elcomercio.es\/jotia\/wp-json\/wp\/v2\/users\/27"}],"replies":[{"embeddable":true,"href":"https:\/\/blogs.elcomercio.es\/jotia\/wp-json\/wp\/v2\/comments?post=234"}],"version-history":[{"count":0,"href":"https:\/\/blogs.elcomercio.es\/jotia\/wp-json\/wp\/v2\/posts\/234\/revisions"}],"wp:attachment":[{"href":"https:\/\/blogs.elcomercio.es\/jotia\/wp-json\/wp\/v2\/media?parent=234"}],"wp:term":[{"taxonomy":"category","embeddable":true,"href":"https:\/\/blogs.elcomercio.es\/jotia\/wp-json\/wp\/v2\/categories?post=234"},{"taxonomy":"post_tag","embeddable":true,"href":"https:\/\/blogs.elcomercio.es\/jotia\/wp-json\/wp\/v2\/tags?post=234"}],"curies":[{"name":"wp","href":"https:\/\/api.w.org\/{rel}","templated":true}]}}