{"id":238,"date":"2008-09-02T13:43:31","date_gmt":"2008-09-02T13:43:31","guid":{"rendered":"http:\/\/blogs.elcomercio.es\/jo_tia\/?p=238"},"modified":"2008-09-02T13:43:31","modified_gmt":"2008-09-02T13:43:31","slug":"una-memoria","status":"publish","type":"post","link":"https:\/\/blogs.elcomercio.es\/jotia\/2008\/09\/02\/una-memoria\/","title":{"rendered":"Una de memoria"},"content":{"rendered":"<p style=\"margin-bottom: 0cm\">Dec\u00eda no s\u00e9 quien que la felicidad consiste en tener buena salud y mala memoria, y yo estoy de acuerdo, aunque s\u00f3lo a medias. S\u00f3lo a medias en lo de la memoria, naturalmente, porque creo que para olvidar, como para casi todo, no hay nada como la voluntad. Nada como olvidarse de algo conscientemente y porque quieres, no por que el cerebro te haga solito el favor. Que lo que se olvida queriendo, se olvida de verdad. Y lo que no, suele quedarse ah\u00ed para siempre. Como acechante.<\/p>\n<p style=\"margin-bottom: 0cm\">Me he acordado de todo esto esta misma ma\u00f1ana al leer que Garz\u00f3n quiere poner nombre a todas las fosas comunes de la Guerra Civil. Porque yo con esto de la memoria hist\u00f3rica tambi\u00e9n estoy de acuerdo s\u00f3lo a medias. Porque a m\u00ed que una plaza se llame General\u00edsimo Franco y luzca estatua ecuestre en todos sus medios, la verdad, parece que me molesta, pero tambi\u00e9n me molesta que se pretendan barrer de un plumazo 40 a\u00f1os de historia. Por m\u00e1s negra o marr\u00f3n que haya sido. Y mucho m\u00e1s que se enquisten los odios. Vengan de donde vengan.<\/p>\n<p style=\"margin-bottom: 0cm\">Lo de poner nombres a las tumbas ya es otra cosa. Todos tenemos muertos y todos hemos ido alguna vez a verlos y hasta a hablar con ellos. Y nadie piensa, yo por lo menos no lo hago, que los muertos de uno est\u00e9n ah\u00ed metidos en esas cajas o en esas urnas, pero, no s\u00e9, parece que da cierta paz tenerlos localizados. Aunque sepamos que no viven en ning\u00fan cementerio.<\/p>\n<!-- AddThis Advanced Settings generic via filter on the_content --><!-- AddThis Share Buttons generic via filter on the_content -->","protected":false},"excerpt":{"rendered":"<p>Dec\u00eda no s\u00e9 quien que la felicidad consiste en tener buena salud y mala memoria, y yo estoy de acuerdo, aunque s\u00f3lo a medias. S\u00f3lo a medias en lo de la memoria, naturalmente, porque creo que para olvidar, como para casi todo, no hay nada como la voluntad. Nada como olvidarse de algo conscientemente y [&hellip;]<!-- AddThis Advanced Settings generic via filter on get_the_excerpt --><!-- AddThis Share Buttons generic via filter on get_the_excerpt --><\/p>\n","protected":false},"author":27,"featured_media":0,"comment_status":"open","ping_status":"open","sticky":false,"template":"","format":"standard","meta":[],"categories":[2],"tags":[],"_links":{"self":[{"href":"https:\/\/blogs.elcomercio.es\/jotia\/wp-json\/wp\/v2\/posts\/238"}],"collection":[{"href":"https:\/\/blogs.elcomercio.es\/jotia\/wp-json\/wp\/v2\/posts"}],"about":[{"href":"https:\/\/blogs.elcomercio.es\/jotia\/wp-json\/wp\/v2\/types\/post"}],"author":[{"embeddable":true,"href":"https:\/\/blogs.elcomercio.es\/jotia\/wp-json\/wp\/v2\/users\/27"}],"replies":[{"embeddable":true,"href":"https:\/\/blogs.elcomercio.es\/jotia\/wp-json\/wp\/v2\/comments?post=238"}],"version-history":[{"count":0,"href":"https:\/\/blogs.elcomercio.es\/jotia\/wp-json\/wp\/v2\/posts\/238\/revisions"}],"wp:attachment":[{"href":"https:\/\/blogs.elcomercio.es\/jotia\/wp-json\/wp\/v2\/media?parent=238"}],"wp:term":[{"taxonomy":"category","embeddable":true,"href":"https:\/\/blogs.elcomercio.es\/jotia\/wp-json\/wp\/v2\/categories?post=238"},{"taxonomy":"post_tag","embeddable":true,"href":"https:\/\/blogs.elcomercio.es\/jotia\/wp-json\/wp\/v2\/tags?post=238"}],"curies":[{"name":"wp","href":"https:\/\/api.w.org\/{rel}","templated":true}]}}