{"id":239,"date":"2008-09-03T14:11:43","date_gmt":"2008-09-03T14:11:43","guid":{"rendered":"http:\/\/blogs.elcomercio.es\/jo_tia\/?p=239"},"modified":"2008-09-03T14:11:43","modified_gmt":"2008-09-03T14:11:43","slug":"otra-memoria","status":"publish","type":"post","link":"https:\/\/blogs.elcomercio.es\/jotia\/2008\/09\/03\/otra-memoria\/","title":{"rendered":"Otra de memoria"},"content":{"rendered":"<p style=\"margin-bottom: 0cm\" align=\"left\">Acabo de hacer n\u00fameros y el 20 de noviembre de 1975 servidora ten\u00eda 15 meses y 24 d\u00edas, una edad en la que, de normal, uno (una) no tiene mayores preocupaciones. El 15 de octubre de 1977 ya hab\u00eda cumplido los tres a\u00f1os, iba a una guarder\u00eda de nombre Pato Donald (ya, lo s\u00e9), acababa de tener un hermano y segu\u00eda sin tener mayores preocupaciones. Digo esto, consciente de que mi vida no le interesa a nadie, para dejar claro que yo, cuando muri\u00f3 Franco, no hab\u00eda nacido. O casi. Para dejar claro que cuando se firm\u00f3 la Ley de Amnist\u00eda no ten\u00eda eso que se llama uso de raz\u00f3n. Para dejar claro que, como toda mi generaci\u00f3n y otras cuantas ya, he vivido siempre en democracia. Y no voy a decir por suerte, ni gracias a Dios, porque no fue por suerte, ni gracias a Dios, que fue gracias a muchos que nos precedieron y lo hicieron posible.<\/p>\n<p style=\"margin-bottom: 0cm\" align=\"left\">Gracias a ellos, para m\u00ed y para otros miles y hasta millones de espa\u00f1oles vivir en democracia es como que suene el despertador por la ma\u00f1ana, comer a mediod\u00eda o ir al cine de vez en cuando. O sea, lo normal. Por eso nos suena a chino que a estas alturas alguien pretenda llevar el franquismo a los tribunales por genocidio. Tal vez porque pensamos que ya est\u00e1, que eso pas\u00f3, y que tampoco vamos a ponernos ahora a juzgar a Napole\u00f3n ni a Torquemada, y mira que fueron cabrones. Pero nos suena tambi\u00e9n a chino, a m\u00ed por lo menos, que tambi\u00e9n a estas alturas alguien no sepa d\u00f3nde est\u00e1n sus muertos. Para llorarlos o para lo que le d\u00e9 la gana.<\/p>\n<p style=\"margin-bottom: 0cm\" align=\"left\">\n<!-- AddThis Advanced Settings generic via filter on the_content --><!-- AddThis Share Buttons generic via filter on the_content -->","protected":false},"excerpt":{"rendered":"<p>Acabo de hacer n\u00fameros y el 20 de noviembre de 1975 servidora ten\u00eda 15 meses y 24 d\u00edas, una edad en la que, de normal, uno (una) no tiene mayores preocupaciones. El 15 de octubre de 1977 ya hab\u00eda cumplido los tres a\u00f1os, iba a una guarder\u00eda de nombre Pato Donald (ya, lo s\u00e9), acababa [&hellip;]<!-- AddThis Advanced Settings generic via filter on get_the_excerpt --><!-- AddThis Share Buttons generic via filter on get_the_excerpt --><\/p>\n","protected":false},"author":27,"featured_media":0,"comment_status":"open","ping_status":"open","sticky":false,"template":"","format":"standard","meta":[],"categories":[2],"tags":[],"_links":{"self":[{"href":"https:\/\/blogs.elcomercio.es\/jotia\/wp-json\/wp\/v2\/posts\/239"}],"collection":[{"href":"https:\/\/blogs.elcomercio.es\/jotia\/wp-json\/wp\/v2\/posts"}],"about":[{"href":"https:\/\/blogs.elcomercio.es\/jotia\/wp-json\/wp\/v2\/types\/post"}],"author":[{"embeddable":true,"href":"https:\/\/blogs.elcomercio.es\/jotia\/wp-json\/wp\/v2\/users\/27"}],"replies":[{"embeddable":true,"href":"https:\/\/blogs.elcomercio.es\/jotia\/wp-json\/wp\/v2\/comments?post=239"}],"version-history":[{"count":0,"href":"https:\/\/blogs.elcomercio.es\/jotia\/wp-json\/wp\/v2\/posts\/239\/revisions"}],"wp:attachment":[{"href":"https:\/\/blogs.elcomercio.es\/jotia\/wp-json\/wp\/v2\/media?parent=239"}],"wp:term":[{"taxonomy":"category","embeddable":true,"href":"https:\/\/blogs.elcomercio.es\/jotia\/wp-json\/wp\/v2\/categories?post=239"},{"taxonomy":"post_tag","embeddable":true,"href":"https:\/\/blogs.elcomercio.es\/jotia\/wp-json\/wp\/v2\/tags?post=239"}],"curies":[{"name":"wp","href":"https:\/\/api.w.org\/{rel}","templated":true}]}}