{"id":240,"date":"2008-09-12T00:10:12","date_gmt":"2008-09-12T00:10:12","guid":{"rendered":"http:\/\/blogs.elcomercio.es\/jo_tia\/?p=240"},"modified":"2008-09-12T00:10:12","modified_gmt":"2008-09-12T00:10:12","slug":"armada-hasta-dientes","status":"publish","type":"post","link":"https:\/\/blogs.elcomercio.es\/jotia\/2008\/09\/12\/armada-hasta-dientes\/","title":{"rendered":"Armada hasta los dientes"},"content":{"rendered":"<p class=\"MsoNormal\"><font size=\"3\"><font face=\"Times New Roman\"><span lang=\"ES-TRAD\">Dos metros de mujer, intuyo por aspecto y acento que de procedencia afroamericana, me pregunta si mi plancha del pelo puede ser utilizada como arma. Le digo que no. Y miento, naturalmente. Menos de una hora despu\u00e9s y embutida junto a doscientos kilos de hombre, intuyo por aspecto y acento que de procedencia de Minessota y\/o Austin-Colorado, tengo tentaci\u00f3n de usarla. La plancha como arma, digo. As\u00ed paso entre ocho y nueve horas. Embutida y levant\u00e1ndome cada quince o veinte minutos por mor de unas pastillas que me recet\u00f3 mi m\u00e9dica\/cham\u00e1n para que el mal de la clase turista no se cebe en mis piernas. Y a fe que no se ceba, pero en contra de lo que dice mi amiga <\/span><span lang=\"ES-TRAD\">la Mari<\/span><span lang=\"ES-TRAD\">, que sostiene que ha llegado a una edad en la que ya solo retiene l\u00edquidos, yo ni eso. O eso justo lo que menos. Siento ser tan expl\u00edcita. Y tan ordinaria. <\/span><\/font><\/font><\/p>\n<p class=\"MsoNormal\"><span lang=\"ES-TRAD\"><font face=\"Times New Roman\" size=\"3\">De esa guisa llego al primer mundo y abandono el tercero. O sea, todos los dem\u00e1s que no son \u00e9ste en el que me encuentro. Y entro en los Estados Unidos de Norteam\u00e9rica despu\u00e9s de firmar, como todo el mundo, que ni soy pederasta ni tengo planes de serlo, por lo menos no en los Estados Unidos de Norteam\u00e9rica; ni tampoco tengo previsto cometer ning\u00fan delito, a menos, claro, que se considere delito querer subirse en un autob\u00fas de esos de turista con el techo al aire, que no digo yo que no deber\u00eda, pero cada uno tiene sus perversiones. Entro despu\u00e9s de firmar todo eso y de que un amable funcionario de Inmigraci\u00f3n se interese, lo primero, por qu\u00e9 d\u00eda tengo previsto irme. O sea, lo peor que se le puede decir a una visita, como cualquiera sabe. En fin, menos mal que encima justo de su cabeza hay un cartel que dice: \u201cSomos la cara visible de nuestra naci\u00f3n\u201d. Pues menos mal. Y menos mal que en esta naci\u00f3n, como en botica y como en casi todas partes, hay de todo. Continuar\u00e1, ya lo siento.<\/font><\/span><\/p>\n<!-- AddThis Advanced Settings generic via filter on the_content --><!-- AddThis Share Buttons generic via filter on the_content -->","protected":false},"excerpt":{"rendered":"<p>Dos metros de mujer, intuyo por aspecto y acento que de procedencia afroamericana, me pregunta si mi plancha del pelo puede ser utilizada como arma. Le digo que no. Y miento, naturalmente. Menos de una hora despu\u00e9s y embutida junto a doscientos kilos de hombre, intuyo por aspecto y acento que de procedencia de Minessota [&hellip;]<!-- AddThis Advanced Settings generic via filter on get_the_excerpt --><!-- AddThis Share Buttons generic via filter on get_the_excerpt --><\/p>\n","protected":false},"author":27,"featured_media":0,"comment_status":"open","ping_status":"open","sticky":false,"template":"","format":"standard","meta":[],"categories":[2],"tags":[],"_links":{"self":[{"href":"https:\/\/blogs.elcomercio.es\/jotia\/wp-json\/wp\/v2\/posts\/240"}],"collection":[{"href":"https:\/\/blogs.elcomercio.es\/jotia\/wp-json\/wp\/v2\/posts"}],"about":[{"href":"https:\/\/blogs.elcomercio.es\/jotia\/wp-json\/wp\/v2\/types\/post"}],"author":[{"embeddable":true,"href":"https:\/\/blogs.elcomercio.es\/jotia\/wp-json\/wp\/v2\/users\/27"}],"replies":[{"embeddable":true,"href":"https:\/\/blogs.elcomercio.es\/jotia\/wp-json\/wp\/v2\/comments?post=240"}],"version-history":[{"count":0,"href":"https:\/\/blogs.elcomercio.es\/jotia\/wp-json\/wp\/v2\/posts\/240\/revisions"}],"wp:attachment":[{"href":"https:\/\/blogs.elcomercio.es\/jotia\/wp-json\/wp\/v2\/media?parent=240"}],"wp:term":[{"taxonomy":"category","embeddable":true,"href":"https:\/\/blogs.elcomercio.es\/jotia\/wp-json\/wp\/v2\/categories?post=240"},{"taxonomy":"post_tag","embeddable":true,"href":"https:\/\/blogs.elcomercio.es\/jotia\/wp-json\/wp\/v2\/tags?post=240"}],"curies":[{"name":"wp","href":"https:\/\/api.w.org\/{rel}","templated":true}]}}