{"id":247,"date":"2008-09-25T13:39:54","date_gmt":"2008-09-25T13:39:54","guid":{"rendered":"http:\/\/blogs.elcomercio.es\/jo_tia\/?p=247"},"modified":"2008-09-25T13:39:54","modified_gmt":"2008-09-25T13:39:54","slug":"con-suelo-congelado","status":"publish","type":"post","link":"https:\/\/blogs.elcomercio.es\/jotia\/2008\/09\/25\/con-suelo-congelado\/","title":{"rendered":"Con el suelo congelado"},"content":{"rendered":"<p>Sin maletas y con seis horas robadas a cuenta del uso del huso horario vuelvo y me entero, as\u00ed, de golpe, de que se termin\u00f3 el verano. Se enter\u00f3, de hecho, mi pie izquierdo antes que mi cerebro esta ma\u00f1ana, cuando toc\u00f3 el suelo congelado. Luego ya me di cuenta yo misma al asomarme a la ventana, que soy lenta de reflejos, y por la ma\u00f1ana, m\u00e1s. Claro que no s\u00e9 si hace fr\u00edo de verdad o lo tengo yo despu\u00e9s del partido de anoche. Que una cosa es que te cuenten que perdimos 1-6 contra el Bar\u00e7a y otra ver con tus propios ojos como entran siete goles. Uno por uno. Uno detr\u00e1s de otro. Y alguno hasta de Ra\u00fal. Pero ser del Sporting no se elige. Pasa como con la familia. Y al Sporting, como a la familia, uno (una) le debe amor incondicional. A ver si no se nos rompe de tanto usarlo. No deber\u00eda.<\/p>\n<!-- AddThis Advanced Settings generic via filter on the_content --><!-- AddThis Share Buttons generic via filter on the_content -->","protected":false},"excerpt":{"rendered":"<p>Sin maletas y con seis horas robadas a cuenta del uso del huso horario vuelvo y me entero, as\u00ed, de golpe, de que se termin\u00f3 el verano. Se enter\u00f3, de hecho, mi pie izquierdo antes que mi cerebro esta ma\u00f1ana, cuando toc\u00f3 el suelo congelado. Luego ya me di cuenta yo misma al asomarme a [&hellip;]<!-- AddThis Advanced Settings generic via filter on get_the_excerpt --><!-- AddThis Share Buttons generic via filter on get_the_excerpt --><\/p>\n","protected":false},"author":27,"featured_media":0,"comment_status":"open","ping_status":"open","sticky":false,"template":"","format":"standard","meta":[],"categories":[2],"tags":[],"_links":{"self":[{"href":"https:\/\/blogs.elcomercio.es\/jotia\/wp-json\/wp\/v2\/posts\/247"}],"collection":[{"href":"https:\/\/blogs.elcomercio.es\/jotia\/wp-json\/wp\/v2\/posts"}],"about":[{"href":"https:\/\/blogs.elcomercio.es\/jotia\/wp-json\/wp\/v2\/types\/post"}],"author":[{"embeddable":true,"href":"https:\/\/blogs.elcomercio.es\/jotia\/wp-json\/wp\/v2\/users\/27"}],"replies":[{"embeddable":true,"href":"https:\/\/blogs.elcomercio.es\/jotia\/wp-json\/wp\/v2\/comments?post=247"}],"version-history":[{"count":0,"href":"https:\/\/blogs.elcomercio.es\/jotia\/wp-json\/wp\/v2\/posts\/247\/revisions"}],"wp:attachment":[{"href":"https:\/\/blogs.elcomercio.es\/jotia\/wp-json\/wp\/v2\/media?parent=247"}],"wp:term":[{"taxonomy":"category","embeddable":true,"href":"https:\/\/blogs.elcomercio.es\/jotia\/wp-json\/wp\/v2\/categories?post=247"},{"taxonomy":"post_tag","embeddable":true,"href":"https:\/\/blogs.elcomercio.es\/jotia\/wp-json\/wp\/v2\/tags?post=247"}],"curies":[{"name":"wp","href":"https:\/\/api.w.org\/{rel}","templated":true}]}}