{"id":249,"date":"2008-09-30T10:28:31","date_gmt":"2008-09-30T10:28:31","guid":{"rendered":"http:\/\/blogs.elcomercio.es\/jo_tia\/?p=249"},"modified":"2008-09-30T10:28:31","modified_gmt":"2008-09-30T10:28:31","slug":"en-bata","status":"publish","type":"post","link":"https:\/\/blogs.elcomercio.es\/jotia\/2008\/09\/30\/en-bata\/","title":{"rendered":"En bata"},"content":{"rendered":"<p>De todas las prendas odiadas en la infancia, la bata se lleva para m\u00ed la palma. Se la lleva por encima incluso del verdugo de lana que te apretaba las amigdalas haciendo honor a su nombre y hasta de aquellas manoplas que se comunicaban entre s\u00ed por una especie de cuerda limitando todos mis ya de por s\u00ed limitados movimientos. Pienso en una bata y me suena a ma\u00f1ana fr\u00eda y de colegio. A colacao con galletas reblandecidas de esas que hay que rescatar del fondo de la taza. A lega\u00f1as. A &#8216;Mar\u00eda, espabila y corre que pierdes el autob\u00fas&#8217;. Pienso en una bata y se me cae encima el invierno, aunque haga sol y est\u00e9 oficialmente de vacaciones. Hace a\u00f1os que no uso esa prenda infame y tambi\u00e9n hace a\u00f1os que le he perdonado a mi madre que me obligase a ponerla nada m\u00e1s sacar un pie de la cama. No soy rencorosa. Tengo esa suerte.<\/p>\n<p>Pero hoy, por no s\u00e9 que extra\u00f1a raz\u00f3n, me he despertado muy temprano,  muy muy temprano, tanto que todav\u00eda estaban encendidas las farolas de la calle,  y mientras me hac\u00eda un caf\u00e9 pens\u00e9 que me apetec\u00eda ponerme una bata. As\u00ed que fui al armario y encontr\u00e9 una que me regal\u00f3 mi madre hace unos pocos Reyes, porque mi madre, como todas las madres del mundo, es mujer de ideas fijas. Y me la puse. Y la sigo teniendo puesta. Y tengo la sensaci\u00f3n de que la bata se est\u00e1 apoderando de m\u00ed como si fuera Dorian Gray con su retrato incrustado de un golpe por la cabeza. Pero yo, a lo mejor por herencia materna, tambi\u00e9n soy mujer de ideas fijas. Y este trozo de tela no va a poder conmigo. Ahora mismo me la quito, me doy una ducha y me voy a dar un paseo por la playa. Y no pienso mirar atr\u00e1s, no sea que la bata me siga. No me faltaba m\u00e1s.<\/p>\n<!-- AddThis Advanced Settings generic via filter on the_content --><!-- AddThis Share Buttons generic via filter on the_content -->","protected":false},"excerpt":{"rendered":"<p>De todas las prendas odiadas en la infancia, la bata se lleva para m\u00ed la palma. Se la lleva por encima incluso del verdugo de lana que te apretaba las amigdalas haciendo honor a su nombre y hasta de aquellas manoplas que se comunicaban entre s\u00ed por una especie de cuerda limitando todos mis ya [&hellip;]<!-- AddThis Advanced Settings generic via filter on get_the_excerpt --><!-- AddThis Share Buttons generic via filter on get_the_excerpt --><\/p>\n","protected":false},"author":27,"featured_media":0,"comment_status":"open","ping_status":"open","sticky":false,"template":"","format":"standard","meta":[],"categories":[2],"tags":[],"_links":{"self":[{"href":"https:\/\/blogs.elcomercio.es\/jotia\/wp-json\/wp\/v2\/posts\/249"}],"collection":[{"href":"https:\/\/blogs.elcomercio.es\/jotia\/wp-json\/wp\/v2\/posts"}],"about":[{"href":"https:\/\/blogs.elcomercio.es\/jotia\/wp-json\/wp\/v2\/types\/post"}],"author":[{"embeddable":true,"href":"https:\/\/blogs.elcomercio.es\/jotia\/wp-json\/wp\/v2\/users\/27"}],"replies":[{"embeddable":true,"href":"https:\/\/blogs.elcomercio.es\/jotia\/wp-json\/wp\/v2\/comments?post=249"}],"version-history":[{"count":0,"href":"https:\/\/blogs.elcomercio.es\/jotia\/wp-json\/wp\/v2\/posts\/249\/revisions"}],"wp:attachment":[{"href":"https:\/\/blogs.elcomercio.es\/jotia\/wp-json\/wp\/v2\/media?parent=249"}],"wp:term":[{"taxonomy":"category","embeddable":true,"href":"https:\/\/blogs.elcomercio.es\/jotia\/wp-json\/wp\/v2\/categories?post=249"},{"taxonomy":"post_tag","embeddable":true,"href":"https:\/\/blogs.elcomercio.es\/jotia\/wp-json\/wp\/v2\/tags?post=249"}],"curies":[{"name":"wp","href":"https:\/\/api.w.org\/{rel}","templated":true}]}}