{"id":28,"date":"2007-07-31T15:26:22","date_gmt":"2007-07-31T15:26:22","guid":{"rendered":"http:\/\/blogs.elcomercio.es\/jo_tia\/?p=28"},"modified":"2007-07-31T15:26:22","modified_gmt":"2007-07-31T15:26:22","slug":"el-contador-cero","status":"publish","type":"post","link":"https:\/\/blogs.elcomercio.es\/jotia\/2007\/07\/31\/el-contador-cero\/","title":{"rendered":"El contador a cero"},"content":{"rendered":"<p>Nacemos con el contador a cero y los d\u00edas contados. Hay quien piensa que con las pilas justas, adem\u00e1s, para vivir lo que nos ha tocado. Como si fuera un sorteo. Pero hay personas que tienen un Contador con may\u00fasculas, las hay que incluso se apellidan as\u00ed. Son esas las personas que cada d\u00eda demuestran que querer puede ser m\u00e1s importante que poder. Las que saben a ciencia cierta que &#8216;nunca llovi\u00f3 que no escampara&#8217;. Las que creen que los milagros existen. Y vaya si existen. A veces, hasta dentro de uno mismo.<br \/>\n\u00a1Enhorabuena, campe\u00f3n!<\/p>\n<!-- AddThis Advanced Settings generic via filter on the_content --><!-- AddThis Share Buttons generic via filter on the_content -->","protected":false},"excerpt":{"rendered":"<p>Nacemos con el contador a cero y los d\u00edas contados. Hay quien piensa que con las pilas justas, adem\u00e1s, para vivir lo que nos ha tocado. Como si fuera un sorteo. Pero hay personas que tienen un Contador con may\u00fasculas, las hay que incluso se apellidan as\u00ed. Son esas las personas que cada d\u00eda demuestran [&hellip;]<!-- AddThis Advanced Settings generic via filter on get_the_excerpt --><!-- AddThis Share Buttons generic via filter on get_the_excerpt --><\/p>\n","protected":false},"author":27,"featured_media":0,"comment_status":"open","ping_status":"open","sticky":false,"template":"","format":"standard","meta":[],"categories":[2],"tags":[],"_links":{"self":[{"href":"https:\/\/blogs.elcomercio.es\/jotia\/wp-json\/wp\/v2\/posts\/28"}],"collection":[{"href":"https:\/\/blogs.elcomercio.es\/jotia\/wp-json\/wp\/v2\/posts"}],"about":[{"href":"https:\/\/blogs.elcomercio.es\/jotia\/wp-json\/wp\/v2\/types\/post"}],"author":[{"embeddable":true,"href":"https:\/\/blogs.elcomercio.es\/jotia\/wp-json\/wp\/v2\/users\/27"}],"replies":[{"embeddable":true,"href":"https:\/\/blogs.elcomercio.es\/jotia\/wp-json\/wp\/v2\/comments?post=28"}],"version-history":[{"count":0,"href":"https:\/\/blogs.elcomercio.es\/jotia\/wp-json\/wp\/v2\/posts\/28\/revisions"}],"wp:attachment":[{"href":"https:\/\/blogs.elcomercio.es\/jotia\/wp-json\/wp\/v2\/media?parent=28"}],"wp:term":[{"taxonomy":"category","embeddable":true,"href":"https:\/\/blogs.elcomercio.es\/jotia\/wp-json\/wp\/v2\/categories?post=28"},{"taxonomy":"post_tag","embeddable":true,"href":"https:\/\/blogs.elcomercio.es\/jotia\/wp-json\/wp\/v2\/tags?post=28"}],"curies":[{"name":"wp","href":"https:\/\/api.w.org\/{rel}","templated":true}]}}