{"id":29,"date":"2007-08-01T17:28:14","date_gmt":"2007-08-01T17:28:14","guid":{"rendered":"http:\/\/blogs.elcomercio.es\/jo_tia\/?p=29"},"modified":"2007-08-01T17:28:14","modified_gmt":"2007-08-01T17:28:14","slug":"nicolas-j-taime","status":"publish","type":"post","link":"https:\/\/blogs.elcomercio.es\/jotia\/2007\/08\/01\/nicolas-j-taime\/","title":{"rendered":"Nicolas, je t&#039;aime"},"content":{"rendered":"<p>Por Mar\u00eda de \u00c1lvaro:<\/p>\n<p>A m\u00ed prima y a sus amigas (que tienen veintipocos) no les gusta Sarkozy. No les gusta como hombre, se entiende, que yo de pol\u00edtica francesa no hablo con mi prima y sus amigas. A m\u00ed t\u00eda y a sus amigas (que por condicionantes biol\u00f3gicos \u2013excepci\u00f3n hecha de la familia Iglesias\u2013 son algo mayores) s\u00ed les gusta. Y a m\u00ed (33 a\u00f1os confesos) me encanta, por supuesto. Supongo que porque Nicolas Sarkozy est\u00e1 en el grupo de cosas \u2013dicho sea con todo el respeto lo de cosa\u2013 que una aprende a valorar con los a\u00f1os.<\/p>\n<p>Vanity Fair incluye hoy al presidente en la lista de los hombres m\u00e1s elegantes del mundo. Menos mal. Menos mal porque esas listas suelen estar pobladas de davidbeckhams de la vida. De tipos tan elegantes como un bolso de lunares de los chinos. De sujetos con los que, no digo que no, puedes ir a la Cuesta del Cholo a tomar una cerveza y ser la envidia de las dos rampas, pero a la tercera est\u00e1s de sus mechas hasta m\u00e1s arriba de las tuyas.<\/p>\n<p>Nicolas es otra cosa. Con Nicolas puedes tomarte un borgo\u00f1a en Cannes o un dry en los Hamptons, pero tambi\u00e9n unes botelles de sidra en el &#8216;Oveya&#8217;. Se le ve en la cara, en esa cara fant\u00e1stica que tiene, que con Nicolas se puede ir a cualquier parte. Y eso es lo que verdaderamente importa.<\/p>\n<p>Encantada de la vida me ir\u00eda yo con \u00e9l al fin del mundo. Y yo al fin del mundo no me voy con cualquiera, si acaso con Indiana Jones, pero no es humano. Confieso que me gusta tanto Sarkozy que, por \u00e9l, ser\u00eda capaz de tomar la Bastilla y aprenderme al rev\u00e9s la Marsellesa. Ser\u00eda capaz hasta de hablar de pol\u00edtica francesa.<\/p>\n<p>Nicolas, j&#8217;taime. Que lo sepas.<\/p>\n<!-- AddThis Advanced Settings generic via filter on the_content --><!-- AddThis Share Buttons generic via filter on the_content -->","protected":false},"excerpt":{"rendered":"<p>Por Mar\u00eda de \u00c1lvaro: A m\u00ed prima y a sus amigas (que tienen veintipocos) no les gusta Sarkozy. No les gusta como hombre, se entiende, que yo de pol\u00edtica francesa no hablo con mi prima y sus amigas. A m\u00ed t\u00eda y a sus amigas (que por condicionantes biol\u00f3gicos \u2013excepci\u00f3n hecha de la familia Iglesias\u2013 [&hellip;]<!-- AddThis Advanced Settings generic via filter on get_the_excerpt --><!-- AddThis Share Buttons generic via filter on get_the_excerpt --><\/p>\n","protected":false},"author":27,"featured_media":0,"comment_status":"open","ping_status":"open","sticky":false,"template":"","format":"standard","meta":[],"categories":[2],"tags":[],"_links":{"self":[{"href":"https:\/\/blogs.elcomercio.es\/jotia\/wp-json\/wp\/v2\/posts\/29"}],"collection":[{"href":"https:\/\/blogs.elcomercio.es\/jotia\/wp-json\/wp\/v2\/posts"}],"about":[{"href":"https:\/\/blogs.elcomercio.es\/jotia\/wp-json\/wp\/v2\/types\/post"}],"author":[{"embeddable":true,"href":"https:\/\/blogs.elcomercio.es\/jotia\/wp-json\/wp\/v2\/users\/27"}],"replies":[{"embeddable":true,"href":"https:\/\/blogs.elcomercio.es\/jotia\/wp-json\/wp\/v2\/comments?post=29"}],"version-history":[{"count":0,"href":"https:\/\/blogs.elcomercio.es\/jotia\/wp-json\/wp\/v2\/posts\/29\/revisions"}],"wp:attachment":[{"href":"https:\/\/blogs.elcomercio.es\/jotia\/wp-json\/wp\/v2\/media?parent=29"}],"wp:term":[{"taxonomy":"category","embeddable":true,"href":"https:\/\/blogs.elcomercio.es\/jotia\/wp-json\/wp\/v2\/categories?post=29"},{"taxonomy":"post_tag","embeddable":true,"href":"https:\/\/blogs.elcomercio.es\/jotia\/wp-json\/wp\/v2\/tags?post=29"}],"curies":[{"name":"wp","href":"https:\/\/api.w.org\/{rel}","templated":true}]}}