{"id":32,"date":"2007-08-04T12:59:59","date_gmt":"2007-08-04T12:59:59","guid":{"rendered":"http:\/\/blogs.elcomercio.es\/jo_tia\/?p=32"},"modified":"2007-08-04T12:59:59","modified_gmt":"2007-08-04T12:59:59","slug":"aclarando-bombas","status":"publish","type":"post","link":"https:\/\/blogs.elcomercio.es\/jotia\/2007\/08\/04\/aclarando-bombas\/","title":{"rendered":"Aclarando bombas"},"content":{"rendered":"<p>Por Mar\u00eda de \u00c1lvaro:<\/p>\n<p>Querida Alejandra, siento que hayas malinterpretado mi post sobre la chupa de Bush, aunque tambi\u00e9n es posible que no me haya explicado bien. Te lo cuento por partes.<\/p>\n<p>1. Mi opini\u00f3n sobre la cultura del americano medio, que desconoces, no aparece por ninguna parte en el art\u00edculo.<br \/>\n2. Llamo hortera a Bush, no a los habitantes de los Estados Unidos deNorteamerica a los que, tal y como s\u00ed escribo, respeto mucho.<br \/>\n3. Siento que pienses que se trataba de una nueva soflama de &#8216;guerra de los mundos&#8217; (enti\u00e9ndase  Europa contra EEUU, y tambi\u00e9n viceversa) cuando de lo que pretend\u00eda re\u00edrme es de las vueltas que le damos a las cosas y lo simples que al final pueden llegar a ser. Vamos que tanto sesudo an\u00e1lisis pol\u00edtico sobre el regalo bien podr\u00eda quedarse en que Bush es un hortera y al otro simplemente le olvid\u00f3 en el avi\u00f3n una cazadora que, por otra parte, jam\u00e1s se habr\u00eda puesto.<\/p>\n<!-- AddThis Advanced Settings generic via filter on the_content --><!-- AddThis Share Buttons generic via filter on the_content -->","protected":false},"excerpt":{"rendered":"<p>Por Mar\u00eda de \u00c1lvaro: Querida Alejandra, siento que hayas malinterpretado mi post sobre la chupa de Bush, aunque tambi\u00e9n es posible que no me haya explicado bien. Te lo cuento por partes. 1. Mi opini\u00f3n sobre la cultura del americano medio, que desconoces, no aparece por ninguna parte en el art\u00edculo. 2. Llamo hortera a [&hellip;]<!-- AddThis Advanced Settings generic via filter on get_the_excerpt --><!-- AddThis Share Buttons generic via filter on get_the_excerpt --><\/p>\n","protected":false},"author":27,"featured_media":0,"comment_status":"open","ping_status":"open","sticky":false,"template":"","format":"standard","meta":[],"categories":[2],"tags":[],"_links":{"self":[{"href":"https:\/\/blogs.elcomercio.es\/jotia\/wp-json\/wp\/v2\/posts\/32"}],"collection":[{"href":"https:\/\/blogs.elcomercio.es\/jotia\/wp-json\/wp\/v2\/posts"}],"about":[{"href":"https:\/\/blogs.elcomercio.es\/jotia\/wp-json\/wp\/v2\/types\/post"}],"author":[{"embeddable":true,"href":"https:\/\/blogs.elcomercio.es\/jotia\/wp-json\/wp\/v2\/users\/27"}],"replies":[{"embeddable":true,"href":"https:\/\/blogs.elcomercio.es\/jotia\/wp-json\/wp\/v2\/comments?post=32"}],"version-history":[{"count":0,"href":"https:\/\/blogs.elcomercio.es\/jotia\/wp-json\/wp\/v2\/posts\/32\/revisions"}],"wp:attachment":[{"href":"https:\/\/blogs.elcomercio.es\/jotia\/wp-json\/wp\/v2\/media?parent=32"}],"wp:term":[{"taxonomy":"category","embeddable":true,"href":"https:\/\/blogs.elcomercio.es\/jotia\/wp-json\/wp\/v2\/categories?post=32"},{"taxonomy":"post_tag","embeddable":true,"href":"https:\/\/blogs.elcomercio.es\/jotia\/wp-json\/wp\/v2\/tags?post=32"}],"curies":[{"name":"wp","href":"https:\/\/api.w.org\/{rel}","templated":true}]}}