{"id":34,"date":"2007-08-05T22:38:44","date_gmt":"2007-08-05T22:38:44","guid":{"rendered":"http:\/\/blogs.elcomercio.es\/jo_tia\/?p=34"},"modified":"2007-08-05T22:38:44","modified_gmt":"2007-08-05T22:38:44","slug":"asturias-capital-aldeanolandia","status":"publish","type":"post","link":"https:\/\/blogs.elcomercio.es\/jotia\/2007\/08\/05\/asturias-capital-aldeanolandia\/","title":{"rendered":"Asturias, capital aldeanolandia"},"content":{"rendered":"<p>Por Mar\u00eda de \u00c1lvaro:<\/p>\n<p>Ca\u00edn era asturiano, ya no queda ninguna duda. La \u00faltima serpiente veraniega del enfrentamiento entre Gij\u00f3n y Oviedo ya no da la risa. Da verg\u00fcenza. En la regi\u00f3n con menos natalidad del mundo, en la que se cobran m\u00e1s prejubilaciones por metro cuadrado, en la que m\u00e1s millones hay que soltar a las multinacionales para que nos hagan el favor de poner aqu\u00ed algo, en la que para ir a Galicia hay que pillar un todoterreno y para llegar a Santander, el Unquera-Llanes\u2026 En la Asturias de las leyendas urbanas, en esa Asturias, a nuestros pol\u00edticos ahora mismo s\u00f3lo les preocupa si el Instituto Asturiano de la Mujer est\u00e1 en Gij\u00f3n o en Oviedo.<\/p>\n<p>Unos y otros hablan de atracos y de centralismos o de descentralizaciones y yo me pregunto que pensar\u00e1, por ejemplo, un madrile\u00f1o de todo esto cuando la Y viene a ser del tama\u00f1o de la Castellana (solo que con m\u00e1s tr\u00e1fico). Eso por no pensar en para qu\u00e9 sirve tener cerca de casa el Instituto Asturiano de la Mujer.<\/p>\n<p>Servidora es de Gij\u00f3n desde el mismo d\u00eda de su nacimiento y se r\u00ede con los chistes de la capital, de la misma manera que si hubiera nacido en Oviedo \u2013gracias a Dios mi madre lleg\u00f3 a tiempo al Sanatorio Bego\u00f1a\u2013 se partir\u00eda de los de la &#8216;sucursal&#8217;. Si la rivalidad es para eso, o para que viva el Sporting manque pierda y el Oviedo manque desaparezca, vale. Lo otro, perd\u00f3nenme, es una aldeanada se mire por donde se mire y venga de la ciudad que venga.<\/p>\n<!-- AddThis Advanced Settings generic via filter on the_content --><!-- AddThis Share Buttons generic via filter on the_content -->","protected":false},"excerpt":{"rendered":"<p>Por Mar\u00eda de \u00c1lvaro: Ca\u00edn era asturiano, ya no queda ninguna duda. La \u00faltima serpiente veraniega del enfrentamiento entre Gij\u00f3n y Oviedo ya no da la risa. Da verg\u00fcenza. En la regi\u00f3n con menos natalidad del mundo, en la que se cobran m\u00e1s prejubilaciones por metro cuadrado, en la que m\u00e1s millones hay que soltar [&hellip;]<!-- AddThis Advanced Settings generic via filter on get_the_excerpt --><!-- AddThis Share Buttons generic via filter on get_the_excerpt --><\/p>\n","protected":false},"author":27,"featured_media":0,"comment_status":"open","ping_status":"open","sticky":false,"template":"","format":"standard","meta":[],"categories":[2],"tags":[],"_links":{"self":[{"href":"https:\/\/blogs.elcomercio.es\/jotia\/wp-json\/wp\/v2\/posts\/34"}],"collection":[{"href":"https:\/\/blogs.elcomercio.es\/jotia\/wp-json\/wp\/v2\/posts"}],"about":[{"href":"https:\/\/blogs.elcomercio.es\/jotia\/wp-json\/wp\/v2\/types\/post"}],"author":[{"embeddable":true,"href":"https:\/\/blogs.elcomercio.es\/jotia\/wp-json\/wp\/v2\/users\/27"}],"replies":[{"embeddable":true,"href":"https:\/\/blogs.elcomercio.es\/jotia\/wp-json\/wp\/v2\/comments?post=34"}],"version-history":[{"count":0,"href":"https:\/\/blogs.elcomercio.es\/jotia\/wp-json\/wp\/v2\/posts\/34\/revisions"}],"wp:attachment":[{"href":"https:\/\/blogs.elcomercio.es\/jotia\/wp-json\/wp\/v2\/media?parent=34"}],"wp:term":[{"taxonomy":"category","embeddable":true,"href":"https:\/\/blogs.elcomercio.es\/jotia\/wp-json\/wp\/v2\/categories?post=34"},{"taxonomy":"post_tag","embeddable":true,"href":"https:\/\/blogs.elcomercio.es\/jotia\/wp-json\/wp\/v2\/tags?post=34"}],"curies":[{"name":"wp","href":"https:\/\/api.w.org\/{rel}","templated":true}]}}