{"id":36,"date":"2007-08-13T18:12:18","date_gmt":"2007-08-13T18:12:18","guid":{"rendered":"http:\/\/blogs.elcomercio.es\/jo_tia\/?p=36"},"modified":"2007-08-13T18:12:18","modified_gmt":"2007-08-13T18:12:18","slug":"a-mi-primo-alejandro","status":"publish","type":"post","link":"https:\/\/blogs.elcomercio.es\/jotia\/2007\/08\/13\/a-mi-primo-alejandro\/","title":{"rendered":"A mi primo Alejandro"},"content":{"rendered":"<p>Por Mar\u00eda de \u00c1lvaro:<\/p>\n<p>No hab\u00eda cumplido los tres a\u00f1os y ya sab\u00eda conducir. Conduc\u00eda el sof\u00e1 de su casa al volante de un cubo de pl\u00e1stico y con un cuchar\u00f3n como palanca de cambios. Lo hac\u00eda cada ma\u00f1ana, mientras todos dorm\u00edan. Y lo hac\u00eda con gesto serio, mirando al frente, aunque de cuando en cuando giraba la cabeza a su derecha y le daba los buenos d\u00edas a un pasajero imaginario.<\/p>\n<p>Alejandro so\u00f1aba, cuando no hab\u00eda cumplido los tres a\u00f1os, con ser conductor. Pero no con ser Fernando Alonso, para qu\u00e9, \u00e9l quer\u00eda conducir un autob\u00fas. Quer\u00eda conducir un autob\u00fas cuando el resto de ni\u00f1os dudaban entre ser bombero o futbolista. So\u00f1aba con conducir un autob\u00fas en el sof\u00e1 de su casa y todas las tardes de verano que se pas\u00f3 castigado dentro del coche de su padre, que fueron muchas. Porque Alejandro era el guaje m\u00e1s trasto que jam\u00e1s pis\u00f3 Quintueles. Y el m\u00e1s simp\u00e1tico. En el Blancanieves, las historias de Topo Giggio eran famosas. Y en Quintueles, su bicicleta, la que antes escapaba despu\u00e9s de armar alguna.<\/p>\n<p>Pasaron los a\u00f1os y Alejandro se convirti\u00f3 en un tipo formal. En un paisano. De pocas pero justas palabras. De miradas llenas de sorna. De gestos cargados de felicidad, de esa felicidad que s\u00f3lo llega cuando uno es justo quien hab\u00eda so\u00f1ado ser.<br \/>\nAlejandro lo era. Lo sigue siendo. Y va a serlo ya para siempre. Conduc\u00eda un autob\u00fas, y hasta un descapotable. Ten\u00eda amigos que le quer\u00edan, novias que jam\u00e1s presentaba y una familia que le adoraba. Ten\u00eda todo lo que hab\u00eda so\u00f1ado cuando le daba vueltas al cubo de pl\u00e1stico en el sof\u00e1 de su casa. Con todo eso se ha ido. Demasiado pronto, pero absolutamente satisfecho. Y eso es m\u00e1s de lo que cualquiera puede esperar de su propia vida.<\/p>\n<p>Seguramente hoy ya est\u00e9 rompi\u00e9ndole alg\u00fan reloj a su abuelo Chano o corriendo otra vez delante de su abuelo Gabriel. Habr\u00e1 hasta tocado la guitarra con Elvis. Seguramente ayer a Dios se le estrope\u00f3 el coche y no encontr\u00f3 a nadie mejor para solucionarle el problema.<\/p>\n<!-- AddThis Advanced Settings generic via filter on the_content --><!-- AddThis Share Buttons generic via filter on the_content -->","protected":false},"excerpt":{"rendered":"<p>Por Mar\u00eda de \u00c1lvaro: No hab\u00eda cumplido los tres a\u00f1os y ya sab\u00eda conducir. Conduc\u00eda el sof\u00e1 de su casa al volante de un cubo de pl\u00e1stico y con un cuchar\u00f3n como palanca de cambios. Lo hac\u00eda cada ma\u00f1ana, mientras todos dorm\u00edan. Y lo hac\u00eda con gesto serio, mirando al frente, aunque de cuando en [&hellip;]<!-- AddThis Advanced Settings generic via filter on get_the_excerpt --><!-- AddThis Share Buttons generic via filter on get_the_excerpt --><\/p>\n","protected":false},"author":27,"featured_media":0,"comment_status":"open","ping_status":"open","sticky":false,"template":"","format":"standard","meta":[],"categories":[2],"tags":[],"_links":{"self":[{"href":"https:\/\/blogs.elcomercio.es\/jotia\/wp-json\/wp\/v2\/posts\/36"}],"collection":[{"href":"https:\/\/blogs.elcomercio.es\/jotia\/wp-json\/wp\/v2\/posts"}],"about":[{"href":"https:\/\/blogs.elcomercio.es\/jotia\/wp-json\/wp\/v2\/types\/post"}],"author":[{"embeddable":true,"href":"https:\/\/blogs.elcomercio.es\/jotia\/wp-json\/wp\/v2\/users\/27"}],"replies":[{"embeddable":true,"href":"https:\/\/blogs.elcomercio.es\/jotia\/wp-json\/wp\/v2\/comments?post=36"}],"version-history":[{"count":0,"href":"https:\/\/blogs.elcomercio.es\/jotia\/wp-json\/wp\/v2\/posts\/36\/revisions"}],"wp:attachment":[{"href":"https:\/\/blogs.elcomercio.es\/jotia\/wp-json\/wp\/v2\/media?parent=36"}],"wp:term":[{"taxonomy":"category","embeddable":true,"href":"https:\/\/blogs.elcomercio.es\/jotia\/wp-json\/wp\/v2\/categories?post=36"},{"taxonomy":"post_tag","embeddable":true,"href":"https:\/\/blogs.elcomercio.es\/jotia\/wp-json\/wp\/v2\/tags?post=36"}],"curies":[{"name":"wp","href":"https:\/\/api.w.org\/{rel}","templated":true}]}}