{"id":37,"date":"2007-08-14T14:33:34","date_gmt":"2007-08-14T14:33:34","guid":{"rendered":"http:\/\/blogs.elcomercio.es\/jo_tia\/?p=37"},"modified":"2007-08-14T14:33:34","modified_gmt":"2007-08-14T14:33:34","slug":"superman","status":"publish","type":"post","link":"https:\/\/blogs.elcomercio.es\/jotia\/2007\/08\/14\/superman\/","title":{"rendered":"Superm\u00e1n"},"content":{"rendered":"<p>Por Mar\u00eda de \u00c1lvaro:<\/p>\n<p>Conozco a un tipo que tiene un traje de Superm\u00e1n. Ahora lo deja en la puerta de Urgencias del Central, y se lo pone para entrar. Y, a veces, al salir, hasta se olvida de quit\u00e1rselo. El tipo tiene el traje desde hace muchos a\u00f1os, tantos como hace que yo le conozco, y no tengo ni idea de d\u00f3nde lo sac\u00f3, aunque  sospecho que se lo dieron en casa. Lo que s\u00ed s\u00e9 es que la capa le sienta bien, tan bien como la camisa cuando se lo quita.<\/p>\n<p>Con el traje hace lo que har\u00eda cualquiera que tuviera un traje de Superm\u00e1n. O sea, salva el mundo. Su mundo es normalmente enorme, pero a veces, como ahora, se hace algo m\u00e1s peque\u00f1o. Su mundo est\u00e1 ahora tirao en la cama. Pero va a levantarse. Y Superm\u00e1n, m\u00e1s pronto que tarde, podr\u00e1 meterse en la cabina y salir de all\u00ed en vaqueros. Hasta entonces, Superm\u00e1n sabe que tiene una capa enorme. Eso y todo un ej\u00e9rcito de superh\u00e9roes \u2013alguno hasta con influencias por ah\u00ed arriba\u2013 dispuestos a salvar el mundo con \u00e9l. Con o sin kryptonita.<\/p>\n<!-- AddThis Advanced Settings generic via filter on the_content --><!-- AddThis Share Buttons generic via filter on the_content -->","protected":false},"excerpt":{"rendered":"<p>Por Mar\u00eda de \u00c1lvaro: Conozco a un tipo que tiene un traje de Superm\u00e1n. Ahora lo deja en la puerta de Urgencias del Central, y se lo pone para entrar. Y, a veces, al salir, hasta se olvida de quit\u00e1rselo. El tipo tiene el traje desde hace muchos a\u00f1os, tantos como hace que yo le [&hellip;]<!-- AddThis Advanced Settings generic via filter on get_the_excerpt --><!-- AddThis Share Buttons generic via filter on get_the_excerpt --><\/p>\n","protected":false},"author":27,"featured_media":0,"comment_status":"open","ping_status":"open","sticky":false,"template":"","format":"standard","meta":[],"categories":[2],"tags":[],"_links":{"self":[{"href":"https:\/\/blogs.elcomercio.es\/jotia\/wp-json\/wp\/v2\/posts\/37"}],"collection":[{"href":"https:\/\/blogs.elcomercio.es\/jotia\/wp-json\/wp\/v2\/posts"}],"about":[{"href":"https:\/\/blogs.elcomercio.es\/jotia\/wp-json\/wp\/v2\/types\/post"}],"author":[{"embeddable":true,"href":"https:\/\/blogs.elcomercio.es\/jotia\/wp-json\/wp\/v2\/users\/27"}],"replies":[{"embeddable":true,"href":"https:\/\/blogs.elcomercio.es\/jotia\/wp-json\/wp\/v2\/comments?post=37"}],"version-history":[{"count":0,"href":"https:\/\/blogs.elcomercio.es\/jotia\/wp-json\/wp\/v2\/posts\/37\/revisions"}],"wp:attachment":[{"href":"https:\/\/blogs.elcomercio.es\/jotia\/wp-json\/wp\/v2\/media?parent=37"}],"wp:term":[{"taxonomy":"category","embeddable":true,"href":"https:\/\/blogs.elcomercio.es\/jotia\/wp-json\/wp\/v2\/categories?post=37"},{"taxonomy":"post_tag","embeddable":true,"href":"https:\/\/blogs.elcomercio.es\/jotia\/wp-json\/wp\/v2\/tags?post=37"}],"curies":[{"name":"wp","href":"https:\/\/api.w.org\/{rel}","templated":true}]}}