{"id":41,"date":"2007-08-26T19:24:09","date_gmt":"2007-08-26T19:24:09","guid":{"rendered":"http:\/\/blogs.elcomercio.es\/jo_tia\/?p=41"},"modified":"2007-08-26T19:24:09","modified_gmt":"2007-08-26T19:24:09","slug":"surrealismo-aguas-turcas-23-agosto","status":"publish","type":"post","link":"https:\/\/blogs.elcomercio.es\/jotia\/2007\/08\/26\/surrealismo-aguas-turcas-23-agosto\/","title":{"rendered":"Surrealismo en aguas turcas (23 de agosto)"},"content":{"rendered":"<p>Por Mar\u00eda de \u00c1lvaro<\/p>\n<p>Hoy he desayunado con los alemanes, mientras com\u00edan, quiero decir, y he comido con los italianos, mientras merendaban, vaya. El caf\u00e9 lo tom\u00e9 algo m\u00e1s tarde, cuando los ingleses se daban al t\u00e9 con pastas y un grupo de cuatro espa\u00f1oles de la Meseta, al mus con puros. Estar en una suerte de Organizaci\u00f3n de las Naciones Unidas flotante tiene estas cosas, que hay que adaptarse a lo que van marcando las aguas internacionales sin renunciar a desayunar a las doce y comer a las cuatro, como toda la vida se hizo en vacaciones.<\/p>\n<p>Por lo dem\u00e1s, hemos llegado a Turqu\u00eda. O eso dicen, porque hoy he decidido tomarme el d\u00eda libre de turismo y no bajar del barco a pesar de que ah\u00ed abajo y a tiro de piedra est\u00e1 el templo de Efeso y la casa en la que, cuenta la leyenda, naci\u00f3 la Virgen Mar\u00eda. Esmirna y yo nos hemos mirado de lejos, ella llena de c\u00fapulas doradas y minaretes, de rascacielos y chamizos; yo, en biquini y en la piscina. Nos hemos prometido volver a vernos en mejor ocasi\u00f3n y, despu\u00e9s, me he enfrascado en el cansadisimo mundo de la vuelta y vuelta en la hamaca. O eso pretend\u00eda yo esta tarde antes de que los animadores (contaminadores ac\u00fasticos disfrazados de rumberos) decidieran hacer una fiesta justo en mi cubierta.<\/p>\n<p>Dudaba entre cruzar la frontera de China con Kapuscinski o cerrar el libro y echar otra siesta cuando la megafon\u00eda comenz\u00f3 a atronar: &#8216;Looooooveeeee booooaaaaaat nanananana&#8230;&#8217;. \u00a1Efectivamente, &#8216;Vacaciones en el Mar&#8217;! Con un par. Lo primero que me entr\u00f3, claro, fue la risa, y, seguidamente, unas ganas irresistibles de ir corriendo a la barra a pedirme un coctail, pero entonces me di cuenta de que el camarero con pelo a lo afro de la serie no iba a estar all\u00ed y de que, adem\u00e1s, era completamente incapaz de recordar su nombre, asi que pille a Ryszadr y la toalla y me fui a varios metros, puede que incluso kil\u00f3metros. Es lo bueno de que este barco se parezca tanto a Moby Dick, que a pesar de estar atrapada todav\u00eda puedes salir corriendo. Y eso es muy de agradecer en seg\u00fan que momentos.<\/p>\n<!-- AddThis Advanced Settings generic via filter on the_content --><!-- AddThis Share Buttons generic via filter on the_content -->","protected":false},"excerpt":{"rendered":"<p>Por Mar\u00eda de \u00c1lvaro Hoy he desayunado con los alemanes, mientras com\u00edan, quiero decir, y he comido con los italianos, mientras merendaban, vaya. El caf\u00e9 lo tom\u00e9 algo m\u00e1s tarde, cuando los ingleses se daban al t\u00e9 con pastas y un grupo de cuatro espa\u00f1oles de la Meseta, al mus con puros. Estar en una [&hellip;]<!-- AddThis Advanced Settings generic via filter on get_the_excerpt --><!-- AddThis Share Buttons generic via filter on get_the_excerpt --><\/p>\n","protected":false},"author":27,"featured_media":0,"comment_status":"open","ping_status":"open","sticky":false,"template":"","format":"standard","meta":[],"categories":[2],"tags":[],"_links":{"self":[{"href":"https:\/\/blogs.elcomercio.es\/jotia\/wp-json\/wp\/v2\/posts\/41"}],"collection":[{"href":"https:\/\/blogs.elcomercio.es\/jotia\/wp-json\/wp\/v2\/posts"}],"about":[{"href":"https:\/\/blogs.elcomercio.es\/jotia\/wp-json\/wp\/v2\/types\/post"}],"author":[{"embeddable":true,"href":"https:\/\/blogs.elcomercio.es\/jotia\/wp-json\/wp\/v2\/users\/27"}],"replies":[{"embeddable":true,"href":"https:\/\/blogs.elcomercio.es\/jotia\/wp-json\/wp\/v2\/comments?post=41"}],"version-history":[{"count":0,"href":"https:\/\/blogs.elcomercio.es\/jotia\/wp-json\/wp\/v2\/posts\/41\/revisions"}],"wp:attachment":[{"href":"https:\/\/blogs.elcomercio.es\/jotia\/wp-json\/wp\/v2\/media?parent=41"}],"wp:term":[{"taxonomy":"category","embeddable":true,"href":"https:\/\/blogs.elcomercio.es\/jotia\/wp-json\/wp\/v2\/categories?post=41"},{"taxonomy":"post_tag","embeddable":true,"href":"https:\/\/blogs.elcomercio.es\/jotia\/wp-json\/wp\/v2\/tags?post=41"}],"curies":[{"name":"wp","href":"https:\/\/api.w.org\/{rel}","templated":true}]}}