{"id":42,"date":"2007-08-28T20:12:18","date_gmt":"2007-08-28T20:12:18","guid":{"rendered":"http:\/\/blogs.elcomercio.es\/jo_tia\/?p=42"},"modified":"2007-08-28T20:12:18","modified_gmt":"2007-08-28T20:12:18","slug":"asia-un-lado-al-otro-europa-24-agosto","status":"publish","type":"post","link":"https:\/\/blogs.elcomercio.es\/jotia\/2007\/08\/28\/asia-un-lado-al-otro-europa-24-agosto\/","title":{"rendered":"Asia a un lado; al otro, Europa (24 de agosto)"},"content":{"rendered":"<p class=\"MsoNormal\"><span lang=\"ES-TRAD\"><font face=\"Times New Roman\" size=\"3\"> <\/font><\/span><span lang=\"ES-TRAD\"><font size=\"3\"><font face=\"Times New Roman\">Por Mar\u00eda de \u00c1lvaro:<\/font><\/font><\/span><\/p>\n<p class=\"MsoNormal\"><span lang=\"ES-TRAD\"><font face=\"Times New Roman\" size=\"3\"> <\/font><\/span><\/p>\n<p class=\"MsoNormal\"><span lang=\"ES-TRAD\"><font size=\"3\"><font face=\"Times New Roman\">Estambul huele a cuero, a especias y a turistas. La ciudad del Asia-a-un-lado-y-al-otro-Europa, la que nos ense\u00f1an a los de la polaroid colgando, claro, es un corteingles orientalizado, un mercadillo del regateo en el que nadie habla turco porque nadie lo entiende, un resto de lo que fue y un reflejo de lo que es hoy el mundo, de en lo que lo hemos convertido. Con esa sensaci\u00f3n llega una a la mezquita de Achmed, a la mezquita Azul, rodeada de se\u00f1ores con gorra y mujeres en tirantes, de europeos vociferantes que entran all\u00ed como al gran bazar: a mirar sin ver, sin darle m\u00e1s importancia a una filigrana milenaria que a un bolso imitaci\u00f3n de Prada. Pero no sale de la misma manera.<\/font><\/font><\/span><\/p>\n<p class=\"MsoNormal\"><span lang=\"ES-TRAD\"><font face=\"Times New Roman\" size=\"3\"> <\/font><\/span><\/p>\n<p class=\"MsoNormal\"><span lang=\"ES-TRAD\"><font size=\"3\"><font face=\"Times New Roman\">Pasa con esta mezquina lo que ocurre tambi\u00e9n con algunas iglesias, que alimenta el esp\u00edritu. Y pasa, como ocurre con algunas iglesias, que una se siente peque\u00f1a, peque\u00f1\u00edsima y formando a la vez parte de un gran engranaje que, por fuerza, tiene que tener un sentido. Creo que por eso me di cuenta un d\u00eda de que cre\u00eda en Dios. Y Dios estaba esta tarde en la mezquita Azul, un Dios al que, estoy convencida, le importa bien poco c\u00f3mo le llamen o si le rezan de pie o de rodillas. Un Dios al que que le da igual que le hablen en \u00e1rabe, en ingl\u00e9s o en castellano.<\/font><\/font><\/span><\/p>\n<p class=\"MsoNormal\"><span lang=\"ES-TRAD\"><font face=\"Times New Roman\" size=\"3\"> <\/font><\/span><\/p>\n<p class=\"MsoNormal\"><span lang=\"ES-TRAD\"><font size=\"3\"><font face=\"Times New Roman\">Y marcho para el spa que me estoy poniendo muy m\u00edstica. Mil perdones. <\/font><\/font><\/span><\/p>\n<!-- AddThis Advanced Settings generic via filter on the_content --><!-- AddThis Share Buttons generic via filter on the_content -->","protected":false},"excerpt":{"rendered":"<p>Por Mar\u00eda de \u00c1lvaro: Estambul huele a cuero, a especias y a turistas. La ciudad del Asia-a-un-lado-y-al-otro-Europa, la que nos ense\u00f1an a los de la polaroid colgando, claro, es un corteingles orientalizado, un mercadillo del regateo en el que nadie habla turco porque nadie lo entiende, un resto de lo que fue y un reflejo [&hellip;]<!-- AddThis Advanced Settings generic via filter on get_the_excerpt --><!-- AddThis Share Buttons generic via filter on get_the_excerpt --><\/p>\n","protected":false},"author":27,"featured_media":0,"comment_status":"open","ping_status":"open","sticky":false,"template":"","format":"standard","meta":[],"categories":[2],"tags":[],"_links":{"self":[{"href":"https:\/\/blogs.elcomercio.es\/jotia\/wp-json\/wp\/v2\/posts\/42"}],"collection":[{"href":"https:\/\/blogs.elcomercio.es\/jotia\/wp-json\/wp\/v2\/posts"}],"about":[{"href":"https:\/\/blogs.elcomercio.es\/jotia\/wp-json\/wp\/v2\/types\/post"}],"author":[{"embeddable":true,"href":"https:\/\/blogs.elcomercio.es\/jotia\/wp-json\/wp\/v2\/users\/27"}],"replies":[{"embeddable":true,"href":"https:\/\/blogs.elcomercio.es\/jotia\/wp-json\/wp\/v2\/comments?post=42"}],"version-history":[{"count":0,"href":"https:\/\/blogs.elcomercio.es\/jotia\/wp-json\/wp\/v2\/posts\/42\/revisions"}],"wp:attachment":[{"href":"https:\/\/blogs.elcomercio.es\/jotia\/wp-json\/wp\/v2\/media?parent=42"}],"wp:term":[{"taxonomy":"category","embeddable":true,"href":"https:\/\/blogs.elcomercio.es\/jotia\/wp-json\/wp\/v2\/categories?post=42"},{"taxonomy":"post_tag","embeddable":true,"href":"https:\/\/blogs.elcomercio.es\/jotia\/wp-json\/wp\/v2\/tags?post=42"}],"curies":[{"name":"wp","href":"https:\/\/api.w.org\/{rel}","templated":true}]}}