{"id":44,"date":"2007-08-30T20:41:16","date_gmt":"2007-08-30T20:41:16","guid":{"rendered":"http:\/\/blogs.elcomercio.es\/jo_tia\/?p=44"},"modified":"2007-08-30T20:41:16","modified_gmt":"2007-08-30T20:41:16","slug":"desde-paraiso","status":"publish","type":"post","link":"https:\/\/blogs.elcomercio.es\/jotia\/2007\/08\/30\/desde-paraiso\/","title":{"rendered":"Desde el para\u00edso"},"content":{"rendered":"<p>Por Mar\u00eda de \u00c1lvaro:<\/p>\n<p>Nadie dijo que entrar en el para\u00edso fuera f\u00e1cil. Yo he llegado aqu\u00ed despu\u00e9s de coger dos aviones y perder uno, despu\u00e9s de tres autobuses, no s\u00e9 cu\u00e1ntos taxis y un ferri. He Llegado con una maleta menos y unos pelos terribles, porque lo \u00fanico malo que tiene el para\u00edso es que la humedad est\u00e1 al 2.000%. Pero he llegado y creo que no quiero irme nunca m\u00e1s.<\/p>\n<p>Formentera no es una isla para venir de vacaciones. Qu\u00e9 va. Es una isla para veranear, ese fant\u00e1stico concepto que en italiano se traduce como &#8216;il dolce far niente&#8217;. Y encima el verano aqu\u00ed no dura dos meses, dura doce. Porque Formentera no s\u00f3lo est\u00e1 rodeada del Mediterr\u00e1neo m\u00e1s azul que jam\u00e1s se haya visto, con permiso del Egeo. No s\u00f3lo tiene la arena m\u00e1s blanca que jam\u00e1s se haya visto, sin permiso del Caribe. Adem\u00e1s, aqu\u00ed hacen un casting para entrar. O eso parece.<\/p>\n<p>En el mundo conocido y cotidiano, Gij\u00f3n mismamente, he concluido tras a\u00f1os de estudio que de cada diez hombres dos son guapos y, de ellos, s\u00f3lo uno, adem\u00e1s interesante. Aproximadamente, vaya, y siendo bastante generosa. Aqu\u00ed, chicas, la estad\u00edstica da un vuelco. Nueve est\u00e1n buenos y hasta el feo parece tener un pase. Puede ser por casualidad o puede ser porque esta isla est\u00e1 completamente colonizada por los hijos del Imperio Romano, una raza especialmente bien tratada por la Naturaleza. Tambi\u00e9n puede ser porque aqu\u00ed la \u00fanica preocupaci\u00f3n del d\u00eda es decidir en qu\u00e9 playa tumbarse y la de la noche, cu\u00e1ntos smaggiatti tomarse. El smaggiato, s\u00ed, mi \u00faltimo gran descubrimiento confesable, un vaso de campari, martini y champ\u00e1n por el que merece la pena haber perdido una maleta y hasta llevar el pelo rizado. Mam\u00e1, me quedo.<\/p>\n<!-- AddThis Advanced Settings generic via filter on the_content --><!-- AddThis Share Buttons generic via filter on the_content -->","protected":false},"excerpt":{"rendered":"<p>Por Mar\u00eda de \u00c1lvaro: Nadie dijo que entrar en el para\u00edso fuera f\u00e1cil. Yo he llegado aqu\u00ed despu\u00e9s de coger dos aviones y perder uno, despu\u00e9s de tres autobuses, no s\u00e9 cu\u00e1ntos taxis y un ferri. He Llegado con una maleta menos y unos pelos terribles, porque lo \u00fanico malo que tiene el para\u00edso es [&hellip;]<!-- AddThis Advanced Settings generic via filter on get_the_excerpt --><!-- AddThis Share Buttons generic via filter on get_the_excerpt --><\/p>\n","protected":false},"author":27,"featured_media":0,"comment_status":"open","ping_status":"open","sticky":false,"template":"","format":"standard","meta":[],"categories":[2],"tags":[],"_links":{"self":[{"href":"https:\/\/blogs.elcomercio.es\/jotia\/wp-json\/wp\/v2\/posts\/44"}],"collection":[{"href":"https:\/\/blogs.elcomercio.es\/jotia\/wp-json\/wp\/v2\/posts"}],"about":[{"href":"https:\/\/blogs.elcomercio.es\/jotia\/wp-json\/wp\/v2\/types\/post"}],"author":[{"embeddable":true,"href":"https:\/\/blogs.elcomercio.es\/jotia\/wp-json\/wp\/v2\/users\/27"}],"replies":[{"embeddable":true,"href":"https:\/\/blogs.elcomercio.es\/jotia\/wp-json\/wp\/v2\/comments?post=44"}],"version-history":[{"count":0,"href":"https:\/\/blogs.elcomercio.es\/jotia\/wp-json\/wp\/v2\/posts\/44\/revisions"}],"wp:attachment":[{"href":"https:\/\/blogs.elcomercio.es\/jotia\/wp-json\/wp\/v2\/media?parent=44"}],"wp:term":[{"taxonomy":"category","embeddable":true,"href":"https:\/\/blogs.elcomercio.es\/jotia\/wp-json\/wp\/v2\/categories?post=44"},{"taxonomy":"post_tag","embeddable":true,"href":"https:\/\/blogs.elcomercio.es\/jotia\/wp-json\/wp\/v2\/tags?post=44"}],"curies":[{"name":"wp","href":"https:\/\/api.w.org\/{rel}","templated":true}]}}