{"id":45,"date":"2007-08-30T20:46:52","date_gmt":"2007-08-30T20:46:52","guid":{"rendered":"http:\/\/blogs.elcomercio.es\/jo_tia\/?p=45"},"modified":"2007-08-30T20:46:52","modified_gmt":"2007-08-30T20:46:52","slug":"la-novia-superman","status":"publish","type":"post","link":"https:\/\/blogs.elcomercio.es\/jotia\/2007\/08\/30\/la-novia-superman\/","title":{"rendered":"La novia de Superm\u00e1n"},"content":{"rendered":"<p>Por Mar\u00eda de \u00c1lvaro:<\/p>\n<p>Es peque\u00f1a y blanca pero no se parece en nada a una perla. Ella es mucho m\u00e1s dura. Como una roca. Aunque tenga los huesos fr\u00e1giles, igual que todo el mundo. Y ahora, m\u00e1s. Por eso su alegr\u00eda sigue siendo contagiosa. Por eso sigue ri\u00e9ndose hasta de su sombra cuando a su alrededor hay pocas cosas de las que re\u00edrse. O muchas. Porque ella es de esos seres elegidos que saben encontrarlas siempre.<\/p>\n<p>Es peque\u00f1a y blanca. Y es guapa, sin puntos de sutura y con ellos. Con esa belleza que tienen las personas felices. Con esa paz que tienen las personas tranquilas. Con esa fuerza de los inteligentes. Con esa chispa de los listos.<\/p>\n<p>Es peque\u00f1a y blanca. Y una fuerza de la naturaleza. Es la novia de Superm\u00e1n. Claro.<\/p>\n<!-- AddThis Advanced Settings generic via filter on the_content --><!-- AddThis Share Buttons generic via filter on the_content -->","protected":false},"excerpt":{"rendered":"<p>Por Mar\u00eda de \u00c1lvaro: Es peque\u00f1a y blanca pero no se parece en nada a una perla. Ella es mucho m\u00e1s dura. Como una roca. Aunque tenga los huesos fr\u00e1giles, igual que todo el mundo. Y ahora, m\u00e1s. Por eso su alegr\u00eda sigue siendo contagiosa. Por eso sigue ri\u00e9ndose hasta de su sombra cuando a [&hellip;]<!-- AddThis Advanced Settings generic via filter on get_the_excerpt --><!-- AddThis Share Buttons generic via filter on get_the_excerpt --><\/p>\n","protected":false},"author":27,"featured_media":0,"comment_status":"open","ping_status":"open","sticky":false,"template":"","format":"standard","meta":[],"categories":[2],"tags":[],"_links":{"self":[{"href":"https:\/\/blogs.elcomercio.es\/jotia\/wp-json\/wp\/v2\/posts\/45"}],"collection":[{"href":"https:\/\/blogs.elcomercio.es\/jotia\/wp-json\/wp\/v2\/posts"}],"about":[{"href":"https:\/\/blogs.elcomercio.es\/jotia\/wp-json\/wp\/v2\/types\/post"}],"author":[{"embeddable":true,"href":"https:\/\/blogs.elcomercio.es\/jotia\/wp-json\/wp\/v2\/users\/27"}],"replies":[{"embeddable":true,"href":"https:\/\/blogs.elcomercio.es\/jotia\/wp-json\/wp\/v2\/comments?post=45"}],"version-history":[{"count":0,"href":"https:\/\/blogs.elcomercio.es\/jotia\/wp-json\/wp\/v2\/posts\/45\/revisions"}],"wp:attachment":[{"href":"https:\/\/blogs.elcomercio.es\/jotia\/wp-json\/wp\/v2\/media?parent=45"}],"wp:term":[{"taxonomy":"category","embeddable":true,"href":"https:\/\/blogs.elcomercio.es\/jotia\/wp-json\/wp\/v2\/categories?post=45"},{"taxonomy":"post_tag","embeddable":true,"href":"https:\/\/blogs.elcomercio.es\/jotia\/wp-json\/wp\/v2\/tags?post=45"}],"curies":[{"name":"wp","href":"https:\/\/api.w.org\/{rel}","templated":true}]}}