{"id":50,"date":"2007-09-10T17:41:05","date_gmt":"2007-09-10T17:41:05","guid":{"rendered":"http:\/\/blogs.elcomercio.es\/jo_tia\/?p=50"},"modified":"2007-09-10T17:41:05","modified_gmt":"2007-09-10T17:41:05","slug":"asturianos","status":"publish","type":"post","link":"https:\/\/blogs.elcomercio.es\/jotia\/2007\/09\/10\/asturianos\/","title":{"rendered":"Asturianos"},"content":{"rendered":"<p>Por Leticia \u00c1lvarez<\/p>\n<p>El informativo de TVE de las tres de la tarde me dej\u00f3 un regusto dulce, a excepci\u00f3n del apartado dedicado a sucesos, claro est\u00e1. Al menos cuatro noticias dadas por la cadena en sus apenas cuarenta minutos de infomaci\u00f3n ten\u00edan como protagonistas a asturianos o personas vinculadas con Asturias. En una de ellas aparecieron los Pr\u00edncipes en una maratoniana, seg\u00fan dijo el presentador, sesi\u00f3n de audiencias. Despu\u00e9s se habl\u00f3 con entusiasmo de los chicos baloncestistas de Pepu Hern\u00e1ndez (veranea en Ribadesella) y el tiempo dedicado a la Selecci\u00f3n espa\u00f1ola de f\u00fatbol estuvo pr\u00e1cticamente acaparado por David Villa, quiz\u00e1 por aquello de que &#8216;la roja&#8217; juega en Oviedo. Si a ello sumamos que los parientes de Luis Aragon\u00e9s residen en Gij\u00f3n y que el cap\u00edtulo de festejos fue \u00edntegro para Gloria Stefan que saca disco en espa\u00f1ol y tiene familia en Pola de Siero pues no deja de ser llamativa la cercan\u00eda a estos lares de esas noticias. No estoy muy segura \u2013quiz\u00e1s porque avanzados los deportes ya estaba yo echando un pigazu\u2013 de si hablaron o no de Fernando Alonso. Si lo hicieron, otro m\u00e1s para a\u00f1adir a la n\u00f3mina astur; si no, pues mal hecho porque por cuestiones de competencia entre cadenas no se puede privar al p\u00fablico de un campe\u00f3n de F\u00f3rmula-1.<br \/>\nViendo este informativo, y sin caer en localismos superfluos, me sent\u00ed un poco como la prima del de  &#8216;zumosol&#8217;. A ver si alg\u00fan d\u00eda, ante un problema asturianos tan poderosos me defienden.<\/p>\n<!-- AddThis Advanced Settings generic via filter on the_content --><!-- AddThis Share Buttons generic via filter on the_content -->","protected":false},"excerpt":{"rendered":"<p>Por Leticia \u00c1lvarez El informativo de TVE de las tres de la tarde me dej\u00f3 un regusto dulce, a excepci\u00f3n del apartado dedicado a sucesos, claro est\u00e1. Al menos cuatro noticias dadas por la cadena en sus apenas cuarenta minutos de infomaci\u00f3n ten\u00edan como protagonistas a asturianos o personas vinculadas con Asturias. En una de [&hellip;]<!-- AddThis Advanced Settings generic via filter on get_the_excerpt --><!-- AddThis Share Buttons generic via filter on get_the_excerpt --><\/p>\n","protected":false},"author":27,"featured_media":0,"comment_status":"open","ping_status":"open","sticky":false,"template":"","format":"standard","meta":[],"categories":[2],"tags":[],"_links":{"self":[{"href":"https:\/\/blogs.elcomercio.es\/jotia\/wp-json\/wp\/v2\/posts\/50"}],"collection":[{"href":"https:\/\/blogs.elcomercio.es\/jotia\/wp-json\/wp\/v2\/posts"}],"about":[{"href":"https:\/\/blogs.elcomercio.es\/jotia\/wp-json\/wp\/v2\/types\/post"}],"author":[{"embeddable":true,"href":"https:\/\/blogs.elcomercio.es\/jotia\/wp-json\/wp\/v2\/users\/27"}],"replies":[{"embeddable":true,"href":"https:\/\/blogs.elcomercio.es\/jotia\/wp-json\/wp\/v2\/comments?post=50"}],"version-history":[{"count":0,"href":"https:\/\/blogs.elcomercio.es\/jotia\/wp-json\/wp\/v2\/posts\/50\/revisions"}],"wp:attachment":[{"href":"https:\/\/blogs.elcomercio.es\/jotia\/wp-json\/wp\/v2\/media?parent=50"}],"wp:term":[{"taxonomy":"category","embeddable":true,"href":"https:\/\/blogs.elcomercio.es\/jotia\/wp-json\/wp\/v2\/categories?post=50"},{"taxonomy":"post_tag","embeddable":true,"href":"https:\/\/blogs.elcomercio.es\/jotia\/wp-json\/wp\/v2\/tags?post=50"}],"curies":[{"name":"wp","href":"https:\/\/api.w.org\/{rel}","templated":true}]}}