{"id":51,"date":"2007-09-11T16:44:24","date_gmt":"2007-09-11T16:44:24","guid":{"rendered":"http:\/\/blogs.elcomercio.es\/jo_tia\/?p=51"},"modified":"2007-09-11T16:44:24","modified_gmt":"2007-09-11T16:44:24","slug":"maddie","status":"publish","type":"post","link":"https:\/\/blogs.elcomercio.es\/jotia\/2007\/09\/11\/maddie\/","title":{"rendered":"Maddie"},"content":{"rendered":"<p>Por Leticia \u00c1lvarez<\/p>\n<p>-&#8220;Nos ha costado mucho trabajo y esfuerzo llegar hasta donde estamos. \u00bfY los gemelos? Nos los quitar\u00e1n. \u00bfRecuerdas lo que hemos sufrido para poder tener hijos? No podemos tirarlo todo por la borda. Si t\u00fa caes yo caigo, pero no podemos permitir que eso ocurra.<br \/>\n   Puedo imaginar una conversaci\u00f3n as\u00ed en el apartamento donde veraneaban los McCann. Puedo imaginar las cosas m\u00e1s terribles, pero no quiero creerlas. Parece que el cerco se cierne sobre ellos y que ellos pueden estar detr\u00e1s de la desaparici\u00f3n de Madeleine. De probarse los indicios, estar\u00edamos ante un caso pasmoso. Aterrador.<br \/>\n  Si las terribles sospechas de la polic\u00eda portuguesa son ciertas, pido a los McCann que acaben con esta farsa. Queremos saber qu\u00e9 ha pasado con la peque\u00f1a. Queremos que nos devolv\u00e1is a Madeleine porque es nuestra. De Beckham, de Cristiano Ronaldo, de los padres de Jeremy Vargas, de Ratzinger, de Mar\u00eda, de Jos\u00e9, de Esther&#8230; Vosotros hab\u00e9is hecho que sea nuestra, de todos los que hemos rezado, llorado o suspirado por ella.<\/p>\n<!-- AddThis Advanced Settings generic via filter on the_content --><!-- AddThis Share Buttons generic via filter on the_content -->","protected":false},"excerpt":{"rendered":"<p>Por Leticia \u00c1lvarez -&#8220;Nos ha costado mucho trabajo y esfuerzo llegar hasta donde estamos. \u00bfY los gemelos? Nos los quitar\u00e1n. \u00bfRecuerdas lo que hemos sufrido para poder tener hijos? No podemos tirarlo todo por la borda. Si t\u00fa caes yo caigo, pero no podemos permitir que eso ocurra. Puedo imaginar una conversaci\u00f3n as\u00ed en el [&hellip;]<!-- AddThis Advanced Settings generic via filter on get_the_excerpt --><!-- AddThis Share Buttons generic via filter on get_the_excerpt --><\/p>\n","protected":false},"author":27,"featured_media":0,"comment_status":"open","ping_status":"open","sticky":false,"template":"","format":"standard","meta":[],"categories":[2],"tags":[],"_links":{"self":[{"href":"https:\/\/blogs.elcomercio.es\/jotia\/wp-json\/wp\/v2\/posts\/51"}],"collection":[{"href":"https:\/\/blogs.elcomercio.es\/jotia\/wp-json\/wp\/v2\/posts"}],"about":[{"href":"https:\/\/blogs.elcomercio.es\/jotia\/wp-json\/wp\/v2\/types\/post"}],"author":[{"embeddable":true,"href":"https:\/\/blogs.elcomercio.es\/jotia\/wp-json\/wp\/v2\/users\/27"}],"replies":[{"embeddable":true,"href":"https:\/\/blogs.elcomercio.es\/jotia\/wp-json\/wp\/v2\/comments?post=51"}],"version-history":[{"count":0,"href":"https:\/\/blogs.elcomercio.es\/jotia\/wp-json\/wp\/v2\/posts\/51\/revisions"}],"wp:attachment":[{"href":"https:\/\/blogs.elcomercio.es\/jotia\/wp-json\/wp\/v2\/media?parent=51"}],"wp:term":[{"taxonomy":"category","embeddable":true,"href":"https:\/\/blogs.elcomercio.es\/jotia\/wp-json\/wp\/v2\/categories?post=51"},{"taxonomy":"post_tag","embeddable":true,"href":"https:\/\/blogs.elcomercio.es\/jotia\/wp-json\/wp\/v2\/tags?post=51"}],"curies":[{"name":"wp","href":"https:\/\/api.w.org\/{rel}","templated":true}]}}