{"id":52,"date":"2007-09-13T17:04:41","date_gmt":"2007-09-13T17:04:41","guid":{"rendered":"http:\/\/blogs.elcomercio.es\/jo_tia\/?p=52"},"modified":"2007-09-13T17:04:41","modified_gmt":"2007-09-13T17:04:41","slug":"maddie-ii","status":"publish","type":"post","link":"https:\/\/blogs.elcomercio.es\/jotia\/2007\/09\/13\/maddie-ii\/","title":{"rendered":"Maddie II"},"content":{"rendered":"<p>Por Leticia \u00c1lvarez<\/p>\n<p>La puerta de la casa de los McCann parece la de Jesul\u00edn de Ubrique en sus buenos tiempos. Y no tanto por el n\u00famero de medios de comunicaci\u00f3n que esperan noticias, sino por la cantidad de veces que los McCann entran y salen y siempre en coche. Primero ella; luego, \u00e9l; luego ella con la gemela, \u00e9l con el gemelo, el abogado de Pinochet, el portavoz&#8230; Me pregunto qu\u00e9 necesidad tienen de exponer tan p\u00fablicamente a esos ni\u00f1os. M\u00e1s a\u00fan cuando se supone que su hermana mayor sigue desaparecida.<br \/>\nAmbiciones: es el nombre del cortijo de Jesul\u00edn, pero en este pasmoso caso (me refiero al de Maddie) ya hay informaciones que especulan con que los McCann podr\u00edan moverse por oscuros fines. \u00bfEcon\u00f3micos? De momento han asegurado que el dinero recaudado para buscar a su hija no servir\u00e1 para costear las minutas de sus abogados. Solo faltaba.<br \/>\nCulebr\u00f3n: el drama de la peque\u00f1a ni\u00f1a brit\u00e1nica va camino de convertirse en uno. Tiene todos los ingredientes: el suspense, una madre bella y fr\u00eda, un padre protector, un misterioso peluche y ahora un diario.<br \/>\nHay otro aspecto m\u00e1s: se est\u00e1 haciendo demasiado largo.<\/p>\n<!-- AddThis Advanced Settings generic via filter on the_content --><!-- AddThis Share Buttons generic via filter on the_content -->","protected":false},"excerpt":{"rendered":"<p>Por Leticia \u00c1lvarez La puerta de la casa de los McCann parece la de Jesul\u00edn de Ubrique en sus buenos tiempos. Y no tanto por el n\u00famero de medios de comunicaci\u00f3n que esperan noticias, sino por la cantidad de veces que los McCann entran y salen y siempre en coche. Primero ella; luego, \u00e9l; luego [&hellip;]<!-- AddThis Advanced Settings generic via filter on get_the_excerpt --><!-- AddThis Share Buttons generic via filter on get_the_excerpt --><\/p>\n","protected":false},"author":27,"featured_media":0,"comment_status":"open","ping_status":"open","sticky":false,"template":"","format":"standard","meta":[],"categories":[2],"tags":[],"_links":{"self":[{"href":"https:\/\/blogs.elcomercio.es\/jotia\/wp-json\/wp\/v2\/posts\/52"}],"collection":[{"href":"https:\/\/blogs.elcomercio.es\/jotia\/wp-json\/wp\/v2\/posts"}],"about":[{"href":"https:\/\/blogs.elcomercio.es\/jotia\/wp-json\/wp\/v2\/types\/post"}],"author":[{"embeddable":true,"href":"https:\/\/blogs.elcomercio.es\/jotia\/wp-json\/wp\/v2\/users\/27"}],"replies":[{"embeddable":true,"href":"https:\/\/blogs.elcomercio.es\/jotia\/wp-json\/wp\/v2\/comments?post=52"}],"version-history":[{"count":0,"href":"https:\/\/blogs.elcomercio.es\/jotia\/wp-json\/wp\/v2\/posts\/52\/revisions"}],"wp:attachment":[{"href":"https:\/\/blogs.elcomercio.es\/jotia\/wp-json\/wp\/v2\/media?parent=52"}],"wp:term":[{"taxonomy":"category","embeddable":true,"href":"https:\/\/blogs.elcomercio.es\/jotia\/wp-json\/wp\/v2\/categories?post=52"},{"taxonomy":"post_tag","embeddable":true,"href":"https:\/\/blogs.elcomercio.es\/jotia\/wp-json\/wp\/v2\/tags?post=52"}],"curies":[{"name":"wp","href":"https:\/\/api.w.org\/{rel}","templated":true}]}}