{"id":58,"date":"2007-09-24T14:20:15","date_gmt":"2007-09-24T14:20:15","guid":{"rendered":"http:\/\/blogs.elcomercio.es\/jo_tia\/?p=58"},"modified":"2007-09-24T14:20:15","modified_gmt":"2007-09-24T14:20:15","slug":"un-facha-peligroso","status":"publish","type":"post","link":"https:\/\/blogs.elcomercio.es\/jotia\/2007\/09\/24\/un-facha-peligroso\/","title":{"rendered":"Un facha peligroso"},"content":{"rendered":"<p>Por Mar\u00eda de \u00c1lvaro:<\/p>\n<p>Sarkozy es un facha. Un ultraderechista peligroso que pretende arrebatarles a los trabajadores franceses todos sus derechos. \u00bfA qui\u00e9n se le ocurre penalizar fiscalmente las jubilaciones antes de los 50 o dejar sin paro a los que rechacen m\u00e1s de dos ofertas de empleo? Este hombre est\u00e1 completamente loco. \u00bfQu\u00e9 necesidad tiene un funcionario de currar hasta los 65 y para qu\u00e9 va uno a perder el tiempo en trabajos que no le interesan?<\/p>\n<p>Que nadie me malinterprete. A m\u00ed madrugar tampoco me gusta. Yo reivindico la jornada de 10 horas semanales, cinco los mi\u00e9rcoles y otras cinco los jueves; las vacaciones de cuatro meses; la jubilaci\u00f3n a los 35. Y, ya puestos a pedir, equiparar el salario m\u00ednimo con el del ministro de Hacienda  y las hipotecas al 0% de inter\u00e9s.<\/p>\n<p>Reivindico todo eso, pero para todos, claro, que ver a un prejubilado de 45 tomando una botella de sidra al lado de un mileurista de 35 queda feo.<\/p>\n<p>Me enamor\u00e9 de Sarkozy el d\u00eda que le vi. Pero entonces s\u00f3lo era algo f\u00edsico. Ahora estoy absolutamente entregada. Sarko, mon amour, ven pa\u2019c\u00e1 y toma el palacio presidencial. \u00a1Imag\u00ednate que es la Bastilla!<\/p>\n<!-- AddThis Advanced Settings generic via filter on the_content --><!-- AddThis Share Buttons generic via filter on the_content -->","protected":false},"excerpt":{"rendered":"<p>Por Mar\u00eda de \u00c1lvaro: Sarkozy es un facha. Un ultraderechista peligroso que pretende arrebatarles a los trabajadores franceses todos sus derechos. \u00bfA qui\u00e9n se le ocurre penalizar fiscalmente las jubilaciones antes de los 50 o dejar sin paro a los que rechacen m\u00e1s de dos ofertas de empleo? Este hombre est\u00e1 completamente loco. \u00bfQu\u00e9 necesidad [&hellip;]<!-- AddThis Advanced Settings generic via filter on get_the_excerpt --><!-- AddThis Share Buttons generic via filter on get_the_excerpt --><\/p>\n","protected":false},"author":27,"featured_media":0,"comment_status":"open","ping_status":"open","sticky":false,"template":"","format":"standard","meta":[],"categories":[2],"tags":[],"_links":{"self":[{"href":"https:\/\/blogs.elcomercio.es\/jotia\/wp-json\/wp\/v2\/posts\/58"}],"collection":[{"href":"https:\/\/blogs.elcomercio.es\/jotia\/wp-json\/wp\/v2\/posts"}],"about":[{"href":"https:\/\/blogs.elcomercio.es\/jotia\/wp-json\/wp\/v2\/types\/post"}],"author":[{"embeddable":true,"href":"https:\/\/blogs.elcomercio.es\/jotia\/wp-json\/wp\/v2\/users\/27"}],"replies":[{"embeddable":true,"href":"https:\/\/blogs.elcomercio.es\/jotia\/wp-json\/wp\/v2\/comments?post=58"}],"version-history":[{"count":0,"href":"https:\/\/blogs.elcomercio.es\/jotia\/wp-json\/wp\/v2\/posts\/58\/revisions"}],"wp:attachment":[{"href":"https:\/\/blogs.elcomercio.es\/jotia\/wp-json\/wp\/v2\/media?parent=58"}],"wp:term":[{"taxonomy":"category","embeddable":true,"href":"https:\/\/blogs.elcomercio.es\/jotia\/wp-json\/wp\/v2\/categories?post=58"},{"taxonomy":"post_tag","embeddable":true,"href":"https:\/\/blogs.elcomercio.es\/jotia\/wp-json\/wp\/v2\/tags?post=58"}],"curies":[{"name":"wp","href":"https:\/\/api.w.org\/{rel}","templated":true}]}}