{"id":64,"date":"2007-10-02T20:46:43","date_gmt":"2007-10-02T20:46:43","guid":{"rendered":"http:\/\/blogs.elcomercio.es\/jo_tia\/?p=64"},"modified":"2007-10-02T20:46:43","modified_gmt":"2007-10-02T20:46:43","slug":"de-politica-y-cerdos","status":"publish","type":"post","link":"https:\/\/blogs.elcomercio.es\/jotia\/2007\/10\/02\/de-politica-y-cerdos\/","title":{"rendered":"De pol\u00edtica y cerdos"},"content":{"rendered":"<p>Por Mar\u00eda de \u00c1lvaro:<\/p>\n<p>Beppe Grillo es un tipo famos\u00edsimo en Italia, casi tanto como Natalia Estrada, aunque \u00e9l no est\u00e1 ni la mitad bueno, pero tiene bastante m\u00e1s gracia. Y eso que es analista pol\u00edtico. El caso es que Grillo ha propuesto en el Parlamento Europeo que, ya que todo movimiento social o enfermedad que se precie tiene un d\u00eda dedicado, los pol\u00edticos de su pa\u00eds merecen uno propio: el \u2018Vaffan Culo Day\u2019.<\/p>\n<p>No me extra\u00f1a. Nos quejamos de las perlas de nuestros queridos representantes, pero ninguno le llega a la suela de los zapatos a, por ejemplo, un Berlusconi, y mira que los hay que lo intentan. Pero hasta el bueno de Silvio es una hermanita de la caridad comparado con un tal Roberto Calderoli.<\/p>\n<p>Atiende por ese nombre un tipo blanco y gordo que acaba de sugerir que para evitar que se construya una mezquita en Bolonia se pillen un par de cerdos de los de la famosa mortadela y se paseen por el solar para hacer el terreno impuro. A Calderoli no le gustan los inmigrantes. Y mucho menos si son negros (hombres-mono, les llama). Ni eso ni los maricones, que est\u00e1n, seg\u00fan \u00e9l, en \u2018pecado mortal\u2019.<\/p>\n<p>Con lo que molaba Cicciolina\u2026<\/p>\n<!-- AddThis Advanced Settings generic via filter on the_content --><!-- AddThis Share Buttons generic via filter on the_content -->","protected":false},"excerpt":{"rendered":"<p>Por Mar\u00eda de \u00c1lvaro: Beppe Grillo es un tipo famos\u00edsimo en Italia, casi tanto como Natalia Estrada, aunque \u00e9l no est\u00e1 ni la mitad bueno, pero tiene bastante m\u00e1s gracia. Y eso que es analista pol\u00edtico. El caso es que Grillo ha propuesto en el Parlamento Europeo que, ya que todo movimiento social o enfermedad [&hellip;]<!-- AddThis Advanced Settings generic via filter on get_the_excerpt --><!-- AddThis Share Buttons generic via filter on get_the_excerpt --><\/p>\n","protected":false},"author":27,"featured_media":0,"comment_status":"open","ping_status":"open","sticky":false,"template":"","format":"standard","meta":[],"categories":[2],"tags":[],"_links":{"self":[{"href":"https:\/\/blogs.elcomercio.es\/jotia\/wp-json\/wp\/v2\/posts\/64"}],"collection":[{"href":"https:\/\/blogs.elcomercio.es\/jotia\/wp-json\/wp\/v2\/posts"}],"about":[{"href":"https:\/\/blogs.elcomercio.es\/jotia\/wp-json\/wp\/v2\/types\/post"}],"author":[{"embeddable":true,"href":"https:\/\/blogs.elcomercio.es\/jotia\/wp-json\/wp\/v2\/users\/27"}],"replies":[{"embeddable":true,"href":"https:\/\/blogs.elcomercio.es\/jotia\/wp-json\/wp\/v2\/comments?post=64"}],"version-history":[{"count":0,"href":"https:\/\/blogs.elcomercio.es\/jotia\/wp-json\/wp\/v2\/posts\/64\/revisions"}],"wp:attachment":[{"href":"https:\/\/blogs.elcomercio.es\/jotia\/wp-json\/wp\/v2\/media?parent=64"}],"wp:term":[{"taxonomy":"category","embeddable":true,"href":"https:\/\/blogs.elcomercio.es\/jotia\/wp-json\/wp\/v2\/categories?post=64"},{"taxonomy":"post_tag","embeddable":true,"href":"https:\/\/blogs.elcomercio.es\/jotia\/wp-json\/wp\/v2\/tags?post=64"}],"curies":[{"name":"wp","href":"https:\/\/api.w.org\/{rel}","templated":true}]}}