{"id":65,"date":"2007-10-09T17:24:56","date_gmt":"2007-10-09T17:24:56","guid":{"rendered":"http:\/\/blogs.elcomercio.es\/jo_tia\/?p=65"},"modified":"2007-10-09T17:24:56","modified_gmt":"2007-10-09T17:24:56","slug":"no-voy-con-alonso","status":"publish","type":"post","link":"https:\/\/blogs.elcomercio.es\/jotia\/2007\/10\/09\/no-voy-con-alonso\/","title":{"rendered":"No voy con Alonso"},"content":{"rendered":"<p>Por Mar\u00eda de \u00c1lvaro:<\/p>\n<p>No quiero que Fernando Alonso gane el campeonato de F\u00f3rmula 1. No. No quiero porque voy con Jenson Button desde que empez\u00f3. Y ya s\u00e9 que no se come nada, pero es tan guapo\u2026 En fin que mis conocimientos de motores no dan m\u00e1s que para tan profunda reflexi\u00f3n. Lo siento.<\/p>\n<p>Pero es que, adem\u00e1s, con Alonso estoy algo enfadada. Y mi enfado no s\u00e9 parece en nada al que tienen algunos mec\u00e1nicos o algunos periodistas ofendidos. Mi enfado viene por que este chico se niega a ir a las fiestas de Lady Lisa Dennis y planta al mism\u00edsimo Alberto de M\u00f3naco. Hoy he le\u00eddo que al chaval lo que le gusta es comer pizza en la habitaci\u00f3n del hotel, que no digo yo que sea mal plan as\u00ed en abstracto, pero resulta, por lo menos, incomparable.<\/p>\n<p>En fin, Fernando, que Dios da pan a quien no tiene dientes e invitaciones a fiestas a quien no sabe aprovecharlas. Yo es que me me veo entrando en el Baile de la Rosa con un valentino rojo y un ni\u00f1o de Nati Abascal de cada brazo y me pongo mala. Qu\u00e9 pena, de verdad. Voy a ver si me hago con el m\u00f3vil de Briatore. O el de Alejandro Agag, que nunca se sabe.<\/p>\n<!-- AddThis Advanced Settings generic via filter on the_content --><!-- AddThis Share Buttons generic via filter on the_content -->","protected":false},"excerpt":{"rendered":"<p>Por Mar\u00eda de \u00c1lvaro: No quiero que Fernando Alonso gane el campeonato de F\u00f3rmula 1. No. No quiero porque voy con Jenson Button desde que empez\u00f3. Y ya s\u00e9 que no se come nada, pero es tan guapo\u2026 En fin que mis conocimientos de motores no dan m\u00e1s que para tan profunda reflexi\u00f3n. Lo siento. [&hellip;]<!-- AddThis Advanced Settings generic via filter on get_the_excerpt --><!-- AddThis Share Buttons generic via filter on get_the_excerpt --><\/p>\n","protected":false},"author":27,"featured_media":0,"comment_status":"open","ping_status":"open","sticky":false,"template":"","format":"standard","meta":[],"categories":[2],"tags":[],"_links":{"self":[{"href":"https:\/\/blogs.elcomercio.es\/jotia\/wp-json\/wp\/v2\/posts\/65"}],"collection":[{"href":"https:\/\/blogs.elcomercio.es\/jotia\/wp-json\/wp\/v2\/posts"}],"about":[{"href":"https:\/\/blogs.elcomercio.es\/jotia\/wp-json\/wp\/v2\/types\/post"}],"author":[{"embeddable":true,"href":"https:\/\/blogs.elcomercio.es\/jotia\/wp-json\/wp\/v2\/users\/27"}],"replies":[{"embeddable":true,"href":"https:\/\/blogs.elcomercio.es\/jotia\/wp-json\/wp\/v2\/comments?post=65"}],"version-history":[{"count":0,"href":"https:\/\/blogs.elcomercio.es\/jotia\/wp-json\/wp\/v2\/posts\/65\/revisions"}],"wp:attachment":[{"href":"https:\/\/blogs.elcomercio.es\/jotia\/wp-json\/wp\/v2\/media?parent=65"}],"wp:term":[{"taxonomy":"category","embeddable":true,"href":"https:\/\/blogs.elcomercio.es\/jotia\/wp-json\/wp\/v2\/categories?post=65"},{"taxonomy":"post_tag","embeddable":true,"href":"https:\/\/blogs.elcomercio.es\/jotia\/wp-json\/wp\/v2\/tags?post=65"}],"curies":[{"name":"wp","href":"https:\/\/api.w.org\/{rel}","templated":true}]}}