{"id":66,"date":"2007-10-09T21:52:19","date_gmt":"2007-10-09T21:52:19","guid":{"rendered":"http:\/\/blogs.elcomercio.es\/jo_tia\/?p=66"},"modified":"2007-10-09T21:52:19","modified_gmt":"2007-10-09T21:52:19","slug":"pe-se-apunta-al-jamon","status":"publish","type":"post","link":"https:\/\/blogs.elcomercio.es\/jotia\/2007\/10\/09\/pe-se-apunta-al-jamon\/","title":{"rendered":"Pe se apunta al jam\u00f3n"},"content":{"rendered":"<p>Por Leticia \u00c1lvarez<\/p>\n<p>A Pen\u00e9lope Cruz y a Javier Bardem les han pillado in fraganti. Dicen que de la mano, acaramelados y esas cosas. A m\u00ed la pareja en cuesti\u00f3n me gusta desde 1992 cuando rodaron aquella expl\u00edcita &#8216;Jam\u00f3n, jam\u00f3n&#8217; de la que tanto se arrepentir\u00eda nuestra actriz m\u00e1s internacional.  Entre la peli de Bigas Luna y el cazazo de los paparazzo han mediado, al menos para Pe, casi tantos amores como alfombras rojas. (En Gij\u00f3n, por ejemplo, nunca olvidaremos su ecuestre romance con Gigi Sarasola). Lo cierto es que la actriz siempre ha picado alto, desde miembros de la jet a estrellas hollywoodienses, pasando por reyes del pop. Ahora vuelve a los brazos del machote de Bardem, pero eso s\u00ed despu\u00e9s de que \u00e9ste haya pasado por el tamiz de Woody Allen, lo que da a la historia un aire m\u00e1s intelectual que aquel adolescente debut sobre las m\u00e1quinas de petacos de los bares de carretera. Hace bien la actriz en regresar al redil de lo ib\u00e9rico, aunque haya tenido que esperar a que Hollywood diera lustre a su actual compa\u00f1ero.<\/p>\n<!-- AddThis Advanced Settings generic via filter on the_content --><!-- AddThis Share Buttons generic via filter on the_content -->","protected":false},"excerpt":{"rendered":"<p>Por Leticia \u00c1lvarez A Pen\u00e9lope Cruz y a Javier Bardem les han pillado in fraganti. Dicen que de la mano, acaramelados y esas cosas. A m\u00ed la pareja en cuesti\u00f3n me gusta desde 1992 cuando rodaron aquella expl\u00edcita &#8216;Jam\u00f3n, jam\u00f3n&#8217; de la que tanto se arrepentir\u00eda nuestra actriz m\u00e1s internacional. Entre la peli de Bigas [&hellip;]<!-- AddThis Advanced Settings generic via filter on get_the_excerpt --><!-- AddThis Share Buttons generic via filter on get_the_excerpt --><\/p>\n","protected":false},"author":27,"featured_media":0,"comment_status":"open","ping_status":"open","sticky":false,"template":"","format":"standard","meta":[],"categories":[2],"tags":[],"_links":{"self":[{"href":"https:\/\/blogs.elcomercio.es\/jotia\/wp-json\/wp\/v2\/posts\/66"}],"collection":[{"href":"https:\/\/blogs.elcomercio.es\/jotia\/wp-json\/wp\/v2\/posts"}],"about":[{"href":"https:\/\/blogs.elcomercio.es\/jotia\/wp-json\/wp\/v2\/types\/post"}],"author":[{"embeddable":true,"href":"https:\/\/blogs.elcomercio.es\/jotia\/wp-json\/wp\/v2\/users\/27"}],"replies":[{"embeddable":true,"href":"https:\/\/blogs.elcomercio.es\/jotia\/wp-json\/wp\/v2\/comments?post=66"}],"version-history":[{"count":0,"href":"https:\/\/blogs.elcomercio.es\/jotia\/wp-json\/wp\/v2\/posts\/66\/revisions"}],"wp:attachment":[{"href":"https:\/\/blogs.elcomercio.es\/jotia\/wp-json\/wp\/v2\/media?parent=66"}],"wp:term":[{"taxonomy":"category","embeddable":true,"href":"https:\/\/blogs.elcomercio.es\/jotia\/wp-json\/wp\/v2\/categories?post=66"},{"taxonomy":"post_tag","embeddable":true,"href":"https:\/\/blogs.elcomercio.es\/jotia\/wp-json\/wp\/v2\/tags?post=66"}],"curies":[{"name":"wp","href":"https:\/\/api.w.org\/{rel}","templated":true}]}}