{"id":69,"date":"2007-10-15T23:55:45","date_gmt":"2007-10-15T23:55:45","guid":{"rendered":"http:\/\/blogs.elcomercio.es\/jo_tia\/?p=69"},"modified":"2007-10-15T23:55:45","modified_gmt":"2007-10-15T23:55:45","slug":"domingo-paella-y-exaltacion-patria","status":"publish","type":"post","link":"https:\/\/blogs.elcomercio.es\/jotia\/2007\/10\/15\/domingo-paella-y-exaltacion-patria\/","title":{"rendered":"Domingo de paella y exaltaci\u00f3n patria"},"content":{"rendered":"<p>Por Mar\u00eda de \u00c1lvaro:<\/p>\n<p>El domingo, como manda la tradici\u00f3n, com\u00ed paella. Ten\u00eda una gamba en la boca cuando decubr\u00ed que comer paella ya no es lo que era. Qu\u00e9 va. Ahora cuando uno come paella de paso est\u00e1 reivindicando que es espa\u00f1ol \u2018se ofenda quien se ofenda\u2019. Hab\u00eda tragado ya la gamba cuando hurgando en la c\u00e1scara de una almeja se me ocurri\u00f3 que no pod\u00eda estar tragando tan tranquila el  plato nacional pensando que una vez fui a un colegio que luce al lado de la puerta un monumento un tanto facha. Pero respir\u00e9 despu\u00e9s al darme cuenta de que ya no estaba en la avenida de Fern\u00e1ndez Ladreda, si no en la de la Constituci\u00f3n. Y menos mal, porque si no le llegan a cambiar el nombre a tiempo igual se me atraganta un grano de arroz.<\/p>\n<p>En fin, que luego, volviendo a casa, pas\u00e9 por delante del McDonalds  y me entraron unas ganas terribles de advertirle al personal que se estaba envenenando. Y me dio tambi\u00e9n por llamar a un amigo que vive en la calle Divisi\u00f3n Azul para rogarle que cambiara urgentemente de casa.<\/p>\n<p>Se est\u00e1 haciendo tan dif\u00edcil comer paella en este pa\u00eds. Incluso para m\u00ed, que no hab\u00eda nacido cuando muri\u00f3 Franco. O s\u00ed, pero, la verdad, no me acuerdo. Lo siento.<\/p>\n<!-- AddThis Advanced Settings generic via filter on the_content --><!-- AddThis Share Buttons generic via filter on the_content -->","protected":false},"excerpt":{"rendered":"<p>Por Mar\u00eda de \u00c1lvaro: El domingo, como manda la tradici\u00f3n, com\u00ed paella. Ten\u00eda una gamba en la boca cuando decubr\u00ed que comer paella ya no es lo que era. Qu\u00e9 va. Ahora cuando uno come paella de paso est\u00e1 reivindicando que es espa\u00f1ol \u2018se ofenda quien se ofenda\u2019. Hab\u00eda tragado ya la gamba cuando hurgando [&hellip;]<!-- AddThis Advanced Settings generic via filter on get_the_excerpt --><!-- AddThis Share Buttons generic via filter on get_the_excerpt --><\/p>\n","protected":false},"author":27,"featured_media":0,"comment_status":"open","ping_status":"open","sticky":false,"template":"","format":"standard","meta":[],"categories":[2],"tags":[],"_links":{"self":[{"href":"https:\/\/blogs.elcomercio.es\/jotia\/wp-json\/wp\/v2\/posts\/69"}],"collection":[{"href":"https:\/\/blogs.elcomercio.es\/jotia\/wp-json\/wp\/v2\/posts"}],"about":[{"href":"https:\/\/blogs.elcomercio.es\/jotia\/wp-json\/wp\/v2\/types\/post"}],"author":[{"embeddable":true,"href":"https:\/\/blogs.elcomercio.es\/jotia\/wp-json\/wp\/v2\/users\/27"}],"replies":[{"embeddable":true,"href":"https:\/\/blogs.elcomercio.es\/jotia\/wp-json\/wp\/v2\/comments?post=69"}],"version-history":[{"count":0,"href":"https:\/\/blogs.elcomercio.es\/jotia\/wp-json\/wp\/v2\/posts\/69\/revisions"}],"wp:attachment":[{"href":"https:\/\/blogs.elcomercio.es\/jotia\/wp-json\/wp\/v2\/media?parent=69"}],"wp:term":[{"taxonomy":"category","embeddable":true,"href":"https:\/\/blogs.elcomercio.es\/jotia\/wp-json\/wp\/v2\/categories?post=69"},{"taxonomy":"post_tag","embeddable":true,"href":"https:\/\/blogs.elcomercio.es\/jotia\/wp-json\/wp\/v2\/tags?post=69"}],"curies":[{"name":"wp","href":"https:\/\/api.w.org\/{rel}","templated":true}]}}