{"id":78,"date":"2007-10-30T20:01:21","date_gmt":"2007-10-30T20:01:21","guid":{"rendered":"http:\/\/blogs.elcomercio.es\/jo_tia\/?p=78"},"modified":"2007-10-30T20:01:21","modified_gmt":"2007-10-30T20:01:21","slug":"gijon-es-isla","status":"publish","type":"post","link":"https:\/\/blogs.elcomercio.es\/jotia\/2007\/10\/30\/gijon-es-isla\/","title":{"rendered":"Gij\u00f3n es una isla"},"content":{"rendered":"<p>Por Mar\u00eda de \u00c1lvaro:<\/p>\n<p>A lo largo de nuestra vida hay cuatro o cinco preguntas que se repiten constantemente, y no me refiero a nada metaf\u00edsico si no a  \u00bfqu\u00e9 hora es?, \u00bfcu\u00e1nto falta?, \u00bfc\u00f3mo quedamos?\u2026 Me gustaba la de \u00bfqui\u00e9n da la vez?, pero me temo que est\u00e1 en desuso. Claro que mi favorita, sin ninguna duda, es \u00bfqu\u00e9 te llevar\u00edas a una isla desierta? No por nada, que a m\u00ed irme a una isla no me apete lo m\u00e1s m\u00ednimo en el caso de que est\u00e9 desierta, pero reconozco que me encanta perder el tiempo imaginando que llevar\u00eda, y lo mejor es que no conozco a nadie que conteste dos veces lo mismo. Hasta hoy.<\/p>\n<p>Hasta hoy, porque resulta que el Ayuntamiento se ha comprado una isla por 250.000 linden d\u00f3lar de nada y ha montado un Gij\u00f3n virtual en el que hasta el Jovellanos tiene vistas al mar. Nada que objetar si no fuera porque nuestros mun\u00edcipes pretenden con esto llenar la villa de turistas. Menos mal que el linden d\u00f3lar est\u00e1 barato y la ocurrencia sale, para que nos entendamos, por 200.000 pesetas. El chocolate del loro. Como Second Life. Ser\u00e1 que soy una antigua.<\/p>\n<!-- AddThis Advanced Settings generic via filter on the_content --><!-- AddThis Share Buttons generic via filter on the_content -->","protected":false},"excerpt":{"rendered":"<p>Por Mar\u00eda de \u00c1lvaro: A lo largo de nuestra vida hay cuatro o cinco preguntas que se repiten constantemente, y no me refiero a nada metaf\u00edsico si no a \u00bfqu\u00e9 hora es?, \u00bfcu\u00e1nto falta?, \u00bfc\u00f3mo quedamos?\u2026 Me gustaba la de \u00bfqui\u00e9n da la vez?, pero me temo que est\u00e1 en desuso. Claro que mi favorita, [&hellip;]<!-- AddThis Advanced Settings generic via filter on get_the_excerpt --><!-- AddThis Share Buttons generic via filter on get_the_excerpt --><\/p>\n","protected":false},"author":27,"featured_media":0,"comment_status":"open","ping_status":"open","sticky":false,"template":"","format":"standard","meta":[],"categories":[2],"tags":[],"_links":{"self":[{"href":"https:\/\/blogs.elcomercio.es\/jotia\/wp-json\/wp\/v2\/posts\/78"}],"collection":[{"href":"https:\/\/blogs.elcomercio.es\/jotia\/wp-json\/wp\/v2\/posts"}],"about":[{"href":"https:\/\/blogs.elcomercio.es\/jotia\/wp-json\/wp\/v2\/types\/post"}],"author":[{"embeddable":true,"href":"https:\/\/blogs.elcomercio.es\/jotia\/wp-json\/wp\/v2\/users\/27"}],"replies":[{"embeddable":true,"href":"https:\/\/blogs.elcomercio.es\/jotia\/wp-json\/wp\/v2\/comments?post=78"}],"version-history":[{"count":0,"href":"https:\/\/blogs.elcomercio.es\/jotia\/wp-json\/wp\/v2\/posts\/78\/revisions"}],"wp:attachment":[{"href":"https:\/\/blogs.elcomercio.es\/jotia\/wp-json\/wp\/v2\/media?parent=78"}],"wp:term":[{"taxonomy":"category","embeddable":true,"href":"https:\/\/blogs.elcomercio.es\/jotia\/wp-json\/wp\/v2\/categories?post=78"},{"taxonomy":"post_tag","embeddable":true,"href":"https:\/\/blogs.elcomercio.es\/jotia\/wp-json\/wp\/v2\/tags?post=78"}],"curies":[{"name":"wp","href":"https:\/\/api.w.org\/{rel}","templated":true}]}}