{"id":81,"date":"2007-11-07T14:48:45","date_gmt":"2007-11-07T14:48:45","guid":{"rendered":"http:\/\/blogs.elcomercio.es\/jo_tia\/?p=81"},"modified":"2007-11-07T14:48:45","modified_gmt":"2007-11-07T14:48:45","slug":"una-mierda","status":"publish","type":"post","link":"https:\/\/blogs.elcomercio.es\/jotia\/2007\/11\/07\/una-mierda\/","title":{"rendered":"Una mierda"},"content":{"rendered":"<p>Por Mar\u00eda de \u00c1lvaro:<\/p>\n<p>Ayer murieron 56 personas por cometer el delito de querer vivir. Pero no pasa nada. S\u00f3lo eran negros subsaharianos. No cuentan. No cuentan all\u00ed y tampoco aqu\u00ed, porque mientras ellos se mor\u00edan Marruecos y Espa\u00f1a \u2013\u00c1frica y Europa\u2013 discut\u00edan acalorados por un quitame all\u00e1 esa bandera y ponme aqu\u00ed una visita. La vida es as\u00ed a veces. Una mierda.<\/p>\n<!-- AddThis Advanced Settings generic via filter on the_content --><!-- AddThis Share Buttons generic via filter on the_content -->","protected":false},"excerpt":{"rendered":"<p>Por Mar\u00eda de \u00c1lvaro: Ayer murieron 56 personas por cometer el delito de querer vivir. Pero no pasa nada. S\u00f3lo eran negros subsaharianos. No cuentan. No cuentan all\u00ed y tampoco aqu\u00ed, porque mientras ellos se mor\u00edan Marruecos y Espa\u00f1a \u2013\u00c1frica y Europa\u2013 discut\u00edan acalorados por un quitame all\u00e1 esa bandera y ponme aqu\u00ed una visita. [&hellip;]<!-- AddThis Advanced Settings generic via filter on get_the_excerpt --><!-- AddThis Share Buttons generic via filter on get_the_excerpt --><\/p>\n","protected":false},"author":27,"featured_media":0,"comment_status":"open","ping_status":"open","sticky":false,"template":"","format":"standard","meta":[],"categories":[2],"tags":[],"_links":{"self":[{"href":"https:\/\/blogs.elcomercio.es\/jotia\/wp-json\/wp\/v2\/posts\/81"}],"collection":[{"href":"https:\/\/blogs.elcomercio.es\/jotia\/wp-json\/wp\/v2\/posts"}],"about":[{"href":"https:\/\/blogs.elcomercio.es\/jotia\/wp-json\/wp\/v2\/types\/post"}],"author":[{"embeddable":true,"href":"https:\/\/blogs.elcomercio.es\/jotia\/wp-json\/wp\/v2\/users\/27"}],"replies":[{"embeddable":true,"href":"https:\/\/blogs.elcomercio.es\/jotia\/wp-json\/wp\/v2\/comments?post=81"}],"version-history":[{"count":0,"href":"https:\/\/blogs.elcomercio.es\/jotia\/wp-json\/wp\/v2\/posts\/81\/revisions"}],"wp:attachment":[{"href":"https:\/\/blogs.elcomercio.es\/jotia\/wp-json\/wp\/v2\/media?parent=81"}],"wp:term":[{"taxonomy":"category","embeddable":true,"href":"https:\/\/blogs.elcomercio.es\/jotia\/wp-json\/wp\/v2\/categories?post=81"},{"taxonomy":"post_tag","embeddable":true,"href":"https:\/\/blogs.elcomercio.es\/jotia\/wp-json\/wp\/v2\/tags?post=81"}],"curies":[{"name":"wp","href":"https:\/\/api.w.org\/{rel}","templated":true}]}}