{"id":84,"date":"2007-11-20T12:34:20","date_gmt":"2007-11-20T12:34:20","guid":{"rendered":"http:\/\/blogs.elcomercio.es\/jo_tia\/?p=84"},"modified":"2007-11-20T12:34:20","modified_gmt":"2007-11-20T12:34:20","slug":"amaia-mariano-y-metafisica","status":"publish","type":"post","link":"https:\/\/blogs.elcomercio.es\/jotia\/2007\/11\/20\/amaia-mariano-y-metafisica\/","title":{"rendered":"Amaia, Mariano y la metaf\u00edsica"},"content":{"rendered":"<p>Por Mar\u00eda de \u00c1lvaro:<\/p>\n<p>Llevo toda la tarde con la carita empapaaaaadaaaaa esperando que vuelvas a pasarte por aaaaquiiiiii. Triste, s\u00ed, triste desde que me enter\u00e9 de que Amaia Montero, la \u00fanica chica del mundo que se autodenomina guapa sin ponerse roja, se corta la coleta. O la oreja, ya se entiende. El caso es que me fastidia, la verdad, porque desde que Roberto Carlos compuso \u2018El gato que est\u00e1 triste y azul\u2019 nadie hab\u00eda regalado mejor pieza para un karaoke. Nadie hasta que llego ella con sus \u2018Rosas\u2019. As\u00ed que ahora, cada vez que enchufe el micr\u00f3fono de la Play Station, me sonar\u00e1 a c\u00e1ntico p\u00f3stumo.<\/p>\n<p>Y digo c\u00e1ntico p\u00f3stumo y, no s\u00e9 por qu\u00e9, pienso en mi Mariano. Con el fr\u00edo que hac\u00eda ayer. Con lo que llov\u00eda\u2026 Y el de mitin en vez de estar echando la partida. Supongo que por eso se confundi\u00f3 y pens\u00f3 que estaba en un chigre (no s\u00e9 como se dice en gallego). Si no, no se entiende que se ofrezcan descuentos de IRPF especiales para mujeres, como si una rebaja del IRPF fuera de promoci\u00f3n en el \u00faltimo n\u00famero del Vogue. Si se me permite la aclaraci\u00f3n, soy una mujer. Y si las pol\u00edticas de igualdad son pol\u00edticas en las que se nos trata como seres inferiores, no las quiero. \u00bfO no somos igual de personas f\u00edsicas unas y otros? Si habl\u00e1semos de metaf\u00edsica a lo mejor hab\u00eda m\u00e1s que discutir.<\/p>\n<p>Ah y me defiendo antes del ataque. La discriminaci\u00f3n positiva pudo tener un sentido, puede tenerlo incluso hoy en determinandos asuntos. Pero no en \u00e9ste. Me niego a aguantar a mis compa\u00f1eros a la hora del caf\u00e9 acus\u00e1ndome de pagar menos a Hacienda que ellos por \u2018ser una tia\u2019.<\/p>\n<!-- AddThis Advanced Settings generic via filter on the_content --><!-- AddThis Share Buttons generic via filter on the_content -->","protected":false},"excerpt":{"rendered":"<p>Por Mar\u00eda de \u00c1lvaro: Llevo toda la tarde con la carita empapaaaaadaaaaa esperando que vuelvas a pasarte por aaaaquiiiiii. Triste, s\u00ed, triste desde que me enter\u00e9 de que Amaia Montero, la \u00fanica chica del mundo que se autodenomina guapa sin ponerse roja, se corta la coleta. O la oreja, ya se entiende. El caso es [&hellip;]<!-- AddThis Advanced Settings generic via filter on get_the_excerpt --><!-- AddThis Share Buttons generic via filter on get_the_excerpt --><\/p>\n","protected":false},"author":27,"featured_media":0,"comment_status":"open","ping_status":"open","sticky":false,"template":"","format":"standard","meta":[],"categories":[2],"tags":[],"_links":{"self":[{"href":"https:\/\/blogs.elcomercio.es\/jotia\/wp-json\/wp\/v2\/posts\/84"}],"collection":[{"href":"https:\/\/blogs.elcomercio.es\/jotia\/wp-json\/wp\/v2\/posts"}],"about":[{"href":"https:\/\/blogs.elcomercio.es\/jotia\/wp-json\/wp\/v2\/types\/post"}],"author":[{"embeddable":true,"href":"https:\/\/blogs.elcomercio.es\/jotia\/wp-json\/wp\/v2\/users\/27"}],"replies":[{"embeddable":true,"href":"https:\/\/blogs.elcomercio.es\/jotia\/wp-json\/wp\/v2\/comments?post=84"}],"version-history":[{"count":0,"href":"https:\/\/blogs.elcomercio.es\/jotia\/wp-json\/wp\/v2\/posts\/84\/revisions"}],"wp:attachment":[{"href":"https:\/\/blogs.elcomercio.es\/jotia\/wp-json\/wp\/v2\/media?parent=84"}],"wp:term":[{"taxonomy":"category","embeddable":true,"href":"https:\/\/blogs.elcomercio.es\/jotia\/wp-json\/wp\/v2\/categories?post=84"},{"taxonomy":"post_tag","embeddable":true,"href":"https:\/\/blogs.elcomercio.es\/jotia\/wp-json\/wp\/v2\/tags?post=84"}],"curies":[{"name":"wp","href":"https:\/\/api.w.org\/{rel}","templated":true}]}}