{"id":87,"date":"2007-11-24T16:02:06","date_gmt":"2007-11-24T16:02:06","guid":{"rendered":"http:\/\/blogs.elcomercio.es\/jo_tia\/?p=87"},"modified":"2007-11-24T16:02:06","modified_gmt":"2007-11-24T16:02:06","slug":"en-pijama","status":"publish","type":"post","link":"https:\/\/blogs.elcomercio.es\/jotia\/2007\/11\/24\/en-pijama\/","title":{"rendered":"En pijama"},"content":{"rendered":"<p>Por Mar\u00eda de \u00c1lvaro:<\/p>\n<p>Nunca he ido a trabajar en pijama. Y no por falta de ganas. La prenda es c\u00f3moda, r\u00e1pida de colocar \u2013sueles levantarte con ella puesta\u2013 y puede resultar hasta favorecedora. Desde luego yo me encuentro m\u00e1s a gusto en pijama que con algunos vaqueros y, sin duda, mejor en zapatillas que subida a unos tacones. Lo que pasa es que no es plan y no creo que sea necesario siquiera explicar por qu\u00e9. Lo mismo que uno \u2013una\u2013 no va en ch\u00e1ndal a una boda o con lentejuelas a hacer la compra (una no va con ch\u00e1ndal ni con lentejuelas a casi ninguna parte, pero es ese es otro tema). El caso es que todo esto se ha acabado, s\u00ed, porque acabo de enterarme de que la libertad tambi\u00e9n sirve para eso.<\/p>\n<p>Resulta que los padres de un alumno del instituto de Sama han denunciado al centro porque no permite que el ni\u00f1o vaya a clase con gorra. Dicen, claro, que est\u00e1 en todo su derecho y, adem\u00e1s, aseguran que el complemento en cuesti\u00f3n forma parte de la personalidad del chiquillo.<\/p>\n<p>Dos anotaciones nada m\u00e1s:<\/p>\n<p>1.   Es curioso que la personalidad est\u00e9 en una gorra y no en lo que hay debajo. Y no me refiero al pelo.<br \/>\n2.   Y es m\u00e1s curioso todav\u00eda este abandono del tradicional \u2018Algo habr\u00e1s hecho\u2019, que es lo que me respond\u00eda a m\u00ed mi madre cuando me quejaba de alguna terribil\u00edsima injusticia de la se\u00f1o. A m\u00ed y a todos, claro. Ahora no. Ahora se contrata a un abogado.<\/p>\n<!-- AddThis Advanced Settings generic via filter on the_content --><!-- AddThis Share Buttons generic via filter on the_content -->","protected":false},"excerpt":{"rendered":"<p>Por Mar\u00eda de \u00c1lvaro: Nunca he ido a trabajar en pijama. Y no por falta de ganas. La prenda es c\u00f3moda, r\u00e1pida de colocar \u2013sueles levantarte con ella puesta\u2013 y puede resultar hasta favorecedora. Desde luego yo me encuentro m\u00e1s a gusto en pijama que con algunos vaqueros y, sin duda, mejor en zapatillas que [&hellip;]<!-- AddThis Advanced Settings generic via filter on get_the_excerpt --><!-- AddThis Share Buttons generic via filter on get_the_excerpt --><\/p>\n","protected":false},"author":27,"featured_media":0,"comment_status":"open","ping_status":"open","sticky":false,"template":"","format":"standard","meta":[],"categories":[2],"tags":[],"_links":{"self":[{"href":"https:\/\/blogs.elcomercio.es\/jotia\/wp-json\/wp\/v2\/posts\/87"}],"collection":[{"href":"https:\/\/blogs.elcomercio.es\/jotia\/wp-json\/wp\/v2\/posts"}],"about":[{"href":"https:\/\/blogs.elcomercio.es\/jotia\/wp-json\/wp\/v2\/types\/post"}],"author":[{"embeddable":true,"href":"https:\/\/blogs.elcomercio.es\/jotia\/wp-json\/wp\/v2\/users\/27"}],"replies":[{"embeddable":true,"href":"https:\/\/blogs.elcomercio.es\/jotia\/wp-json\/wp\/v2\/comments?post=87"}],"version-history":[{"count":0,"href":"https:\/\/blogs.elcomercio.es\/jotia\/wp-json\/wp\/v2\/posts\/87\/revisions"}],"wp:attachment":[{"href":"https:\/\/blogs.elcomercio.es\/jotia\/wp-json\/wp\/v2\/media?parent=87"}],"wp:term":[{"taxonomy":"category","embeddable":true,"href":"https:\/\/blogs.elcomercio.es\/jotia\/wp-json\/wp\/v2\/categories?post=87"},{"taxonomy":"post_tag","embeddable":true,"href":"https:\/\/blogs.elcomercio.es\/jotia\/wp-json\/wp\/v2\/tags?post=87"}],"curies":[{"name":"wp","href":"https:\/\/api.w.org\/{rel}","templated":true}]}}