{"id":88,"date":"2007-11-25T23:26:56","date_gmt":"2007-11-25T23:26:56","guid":{"rendered":"http:\/\/blogs.elcomercio.es\/jo_tia\/?p=88"},"modified":"2007-11-25T23:26:56","modified_gmt":"2007-11-25T23:26:56","slug":"la-cara-felicidad-la-gente","status":"publish","type":"post","link":"https:\/\/blogs.elcomercio.es\/jotia\/2007\/11\/25\/la-cara-felicidad-la-gente\/","title":{"rendered":"La cara de felicidad de la gente"},"content":{"rendered":"<p>Por Mar\u00eda de \u00c1lvaro:<\/p>\n<p>\u2013Infumable, t\u00edo.<br \/>\n-Uff, casi muero ah\u00ed dentro.<br \/>\n\u2013S\u00ed, y lo peor, la cara de felicidad de la gente.<\/p>\n<p>Es una conversaci\u00f3n real. Real y literal. La o\u00ed ayer al salir del Jovellanos con cara de felicidad. Es lo bueno de no tener ni idea de cine, que vas y a lo mejor hasta disfrutas de la pel\u00edcula. Pasa con Puccini, que no mola porque le gusta a cualquiera. Como \u2018El amante de Lady Chatterley\u2019. Y yo, fan del \u2018Nessum Dorma\u2019 y dispuesta a irme con el jardinero de la Chatterley a cualquier parte, soy tan vulgar que hasta puedo emocionarme con una historia que acaba bien. Aunque el final sea tr\u00e1gico.<\/p>\n<p>Es lo que tiene ir al cine y ser gente. Quedas fatal. Pero tan a gusto\u2026<\/p>\n<!-- AddThis Advanced Settings generic via filter on the_content --><!-- AddThis Share Buttons generic via filter on the_content -->","protected":false},"excerpt":{"rendered":"<p>Por Mar\u00eda de \u00c1lvaro: \u2013Infumable, t\u00edo. -Uff, casi muero ah\u00ed dentro. \u2013S\u00ed, y lo peor, la cara de felicidad de la gente. Es una conversaci\u00f3n real. Real y literal. La o\u00ed ayer al salir del Jovellanos con cara de felicidad. Es lo bueno de no tener ni idea de cine, que vas y a lo [&hellip;]<!-- AddThis Advanced Settings generic via filter on get_the_excerpt --><!-- AddThis Share Buttons generic via filter on get_the_excerpt --><\/p>\n","protected":false},"author":27,"featured_media":0,"comment_status":"open","ping_status":"open","sticky":false,"template":"","format":"standard","meta":[],"categories":[2],"tags":[],"_links":{"self":[{"href":"https:\/\/blogs.elcomercio.es\/jotia\/wp-json\/wp\/v2\/posts\/88"}],"collection":[{"href":"https:\/\/blogs.elcomercio.es\/jotia\/wp-json\/wp\/v2\/posts"}],"about":[{"href":"https:\/\/blogs.elcomercio.es\/jotia\/wp-json\/wp\/v2\/types\/post"}],"author":[{"embeddable":true,"href":"https:\/\/blogs.elcomercio.es\/jotia\/wp-json\/wp\/v2\/users\/27"}],"replies":[{"embeddable":true,"href":"https:\/\/blogs.elcomercio.es\/jotia\/wp-json\/wp\/v2\/comments?post=88"}],"version-history":[{"count":0,"href":"https:\/\/blogs.elcomercio.es\/jotia\/wp-json\/wp\/v2\/posts\/88\/revisions"}],"wp:attachment":[{"href":"https:\/\/blogs.elcomercio.es\/jotia\/wp-json\/wp\/v2\/media?parent=88"}],"wp:term":[{"taxonomy":"category","embeddable":true,"href":"https:\/\/blogs.elcomercio.es\/jotia\/wp-json\/wp\/v2\/categories?post=88"},{"taxonomy":"post_tag","embeddable":true,"href":"https:\/\/blogs.elcomercio.es\/jotia\/wp-json\/wp\/v2\/tags?post=88"}],"curies":[{"name":"wp","href":"https:\/\/api.w.org\/{rel}","templated":true}]}}