{"id":91,"date":"2007-11-29T15:26:26","date_gmt":"2007-11-29T15:26:26","guid":{"rendered":"http:\/\/blogs.elcomercio.es\/jo_tia\/?p=91"},"modified":"2007-11-29T15:26:26","modified_gmt":"2007-11-29T15:26:26","slug":"santa-tita-tita","status":"publish","type":"post","link":"https:\/\/blogs.elcomercio.es\/jotia\/2007\/11\/29\/santa-tita-tita\/","title":{"rendered":"Santa Tita Tita"},"content":{"rendered":"<p>Por Mar\u00eda de \u00c1lvaro:<\/p>\n<p>Dice la Baronesa Thyssen, de soltera Tita Cervera, que se lleva la colecci\u00f3n de su difunto del museo de Recoletos porque el tr\u00e1fico est\u00e1 imposible. Dice eso, esta vez sin encandenarse, pero supongo que porque le encanta jugar al p\u00f3ker. O sea, ir de farol.<\/p>\n<p>Que se sepa, los cuadros de su difunto son de usted y m\u00edos, que viene a ser lo mismo que del Estado Espa\u00f1ol. Y usted y  yo pagamos por ellos nada m\u00e1s que 350 millones de d\u00f3lares de hace 13 o 14 a\u00f1os. Vale que a precio de ganga, pero 350 kilos. Luego est\u00e1 la otra parte de la colecci\u00f3n, la que no es del difunto si no de la mam\u00e1 de Borja y las gemelas. Y, s\u00ed, \u00e9sa es suya, pero la tiene cedida hasta 2013.<\/p>\n<p>Hay m\u00e1s. Usted y yo tambi\u00e9n nos hemos gastado 38 millones de euros en acondicionar un museo, precisamente para albergar \u2013que me gusta esta palabra\u2013 la pintura de do\u00f1a Carmen, la que colecciona, afortunadamente, no la suya propia.<\/p>\n<p>Aunque siempre fui un horror en matem\u00e1ticas, as\u00ed por encima y entre una cosa y otra me sale una millonada. Millonada que, perd\u00f3n por ser pesada, hemos pagado usted y yo, sin quitarle ni un \u00e1pice de m\u00e9rito a ella. Que lo tiene. Pero Santa Tita Tita, lo que se da no se quita. Y si fue previo pago, menos.<\/p>\n<!-- AddThis Advanced Settings generic via filter on the_content --><!-- AddThis Share Buttons generic via filter on the_content -->","protected":false},"excerpt":{"rendered":"<p>Por Mar\u00eda de \u00c1lvaro: Dice la Baronesa Thyssen, de soltera Tita Cervera, que se lleva la colecci\u00f3n de su difunto del museo de Recoletos porque el tr\u00e1fico est\u00e1 imposible. Dice eso, esta vez sin encandenarse, pero supongo que porque le encanta jugar al p\u00f3ker. O sea, ir de farol. Que se sepa, los cuadros de [&hellip;]<!-- AddThis Advanced Settings generic via filter on get_the_excerpt --><!-- AddThis Share Buttons generic via filter on get_the_excerpt --><\/p>\n","protected":false},"author":27,"featured_media":0,"comment_status":"open","ping_status":"open","sticky":false,"template":"","format":"standard","meta":[],"categories":[2],"tags":[],"_links":{"self":[{"href":"https:\/\/blogs.elcomercio.es\/jotia\/wp-json\/wp\/v2\/posts\/91"}],"collection":[{"href":"https:\/\/blogs.elcomercio.es\/jotia\/wp-json\/wp\/v2\/posts"}],"about":[{"href":"https:\/\/blogs.elcomercio.es\/jotia\/wp-json\/wp\/v2\/types\/post"}],"author":[{"embeddable":true,"href":"https:\/\/blogs.elcomercio.es\/jotia\/wp-json\/wp\/v2\/users\/27"}],"replies":[{"embeddable":true,"href":"https:\/\/blogs.elcomercio.es\/jotia\/wp-json\/wp\/v2\/comments?post=91"}],"version-history":[{"count":0,"href":"https:\/\/blogs.elcomercio.es\/jotia\/wp-json\/wp\/v2\/posts\/91\/revisions"}],"wp:attachment":[{"href":"https:\/\/blogs.elcomercio.es\/jotia\/wp-json\/wp\/v2\/media?parent=91"}],"wp:term":[{"taxonomy":"category","embeddable":true,"href":"https:\/\/blogs.elcomercio.es\/jotia\/wp-json\/wp\/v2\/categories?post=91"},{"taxonomy":"post_tag","embeddable":true,"href":"https:\/\/blogs.elcomercio.es\/jotia\/wp-json\/wp\/v2\/tags?post=91"}],"curies":[{"name":"wp","href":"https:\/\/api.w.org\/{rel}","templated":true}]}}