{"id":100,"date":"2007-10-07T19:56:03","date_gmt":"2007-10-07T19:56:03","guid":{"rendered":"http:\/\/blogs.elcomercio.es\/largo_de_cafe\/?p=100"},"modified":"2007-10-07T19:56:03","modified_gmt":"2007-10-07T19:56:03","slug":"el-arma-del-estatuto","status":"publish","type":"post","link":"https:\/\/blogs.elcomercio.es\/largo_de_cafe\/2007\/10\/07\/el-arma-del-estatuto\/","title":{"rendered":"EL ARMA DEL ESTATUTO"},"content":{"rendered":"<p>\n<strong>La reforma auton\u00f3mica asturiana tiene que incidir en la fortaleza de la cohesi\u00f3n estatal<\/strong><\/p>\n<p> La constituci\u00f3n de la ponencia parlamentaria indica que esta vez va en serio la reforma del Estatuto de Autonom\u00eda. Los tres grupos (PSOE, PP e IU) quieren revisar la norma m\u00e1xima de nuestra comunidad, as\u00ed que para llevar la iniciativa a buen puerto hace falta que se pongan de acuerdo los dos grandes partidos o, lo que ser\u00eda m\u00e1s deseable, que se alcanzara el consenso.<br \/>\n    El contenido de los estatutos es una materia \u00e1rida, de gran contenido declarativo, que no conecta directamente con las preocupaciones de los ciudadanos. Hasta la fecha, las reformas introducidas en el Estatuto de Autonom\u00eda de Asturias han pasado desapercibidas para la ciudadan\u00eda. Es m\u00e1s, en territorios dominados por la ideolog\u00eda nacionalista, que convierte los estatutos en una estaci\u00f3n de paso para lograr la soberan\u00eda plena, el apoyo de los ciudadanos a las reformas estatutarias es muy tibio. El 18 de junio de 2006, s\u00f3lo el 36,55% de los catalanes se acercaron a las urnas para votar a favor del nuevo texto. En otras regiones con menor sentido identitario, como Andaluc\u00eda, la reforma del Estatuto s\u00f3lo fue apoyada por el 30,93% de la poblaci\u00f3n.<br \/>\n     Como tantas veces se ha dicho, a la gente le preocupa el terrorismo, el empleo, la hipoteca, el precio de los alimentos, la carest\u00eda de la vivienda, las listas de espera quir\u00fargicas, los estudios de sus hijos, y les trae al pairo la definici\u00f3n del territorio, el traspaso de competencias y el blindaje de las aguas de los r\u00edos. En cuanto los miembros de la ponencia se pongan a discutir sobre los art\u00edculos del texto, vamos a o\u00edr muchas veces que trabajan de espaldas a la calle y que mejor dedicaban sus energ\u00edas a otros fines m\u00e1s provechosos.<br \/>\n     Esta valoraci\u00f3n, realizada a trazo grueso, supone un profundo error, aunque la comparta la mayor\u00eda de la poblaci\u00f3n. En la actualidad, bajo la piel de los estatutos de autonom\u00eda est\u00e1 en marcha una operaci\u00f3n de mucho mayor calado, a la que los asturianos no podemos permanecer indiferentes. Ser\u00eda una irresponsabilidad quedar cruzados de brazos cuando otros atentan contra nuestros intereses.<br \/>\n     La revisi\u00f3n generalizada de los estatutos de autonom\u00eda fue impulsada por Zapatero, desde el principio de su mandato, para dar salida a la tensi\u00f3n acumulada contra el Gobierno central por las comunidades aut\u00f3nomas que no estaban gobernadas por el PP. La relaci\u00f3n que hab\u00eda entre el centro y la periferia puede medirse con una an\u00e9cdota: el presidente Chaves s\u00f3lo tuvo dos encuentros en La Moncloa, meramente protocolarios, en los ocho a\u00f1os de mandato de Aznar. Excuso detallar cu\u00e1l era el sentir de vascos y catalanes al iniciar Zapatero su andadura presidencial.<br \/>\n     Iniciado el proceso de cambios, la reforma estatutaria catalana se constituy\u00f3 en la gran referencia, por el peso de esa comunidad aut\u00f3noma (siete millones de habitantes, 18,8% del PIB nacional), por el papel jugado por las minor\u00edas nacionalistas catalanas en el Congreso de los Diputados y por el lobby del socialismo catal\u00e1n dentro del socialismo espa\u00f1ol, visible en la estructura independiente del PSC. La personalidad atrabiliaria de Maragall puso el resto.<br \/>\n     A partir de estos cimientos, la clase pol\u00edtica catalana hizo una revisi\u00f3n del Estatuto de Autonom\u00eda sobre dos claves, una de car\u00e1cter interno, consistente en convertir el \u201cEstatut\u201d en una suerte de constituci\u00f3n nacionalista, para ahormar a los ciudadanos indiferentes a la \u201cemoci\u00f3n catalana\u201d, y otra de car\u00e1cter externo: remodelar el Estado espa\u00f1ol. El \u201cEstatut\u201d no es una norma s\u00f3lo para catalanes, porque nos impone obligaciones a todos los espa\u00f1oles. Desgraciadamente, por esa senda transitaron otras reformas estatutarias.<br \/>\n     S\u00f3lo por este efecto externo, que desborda los l\u00edmites de cualquier comunidad concreta, es importante lo que hagamos los asturianos con nuestro Estatuto de Autonom\u00eda para defendernos.<br \/>\n     Lo primero que tienen que hacer los \u201cpadres\u201d de la reforma estatutaria asturiana es entender lo que significa el Estatuto de Autonom\u00eda en el actual contexto pol\u00edtico espa\u00f1ol. M\u00e1s claro, defender la identidad asturiana, llenarse la boca con ropajes de realidad nacional, no tiene ning\u00fan sentido, porque lo que no est\u00e1 en duda es el derecho de los territorios a tener \u00f3rganos de gobierno con un ampl\u00edsimo poder decisorio.<br \/>\n     En la anterior legislatura auton\u00f3mica, desde el Gobierno regional se quiso impulsar la reforma del Estatuto con el discurso de \u201calcanzar el mayor grado de autogobierno\u201d, como si el bienestar de los asturianos dependiera de materializar unas competencias marginales sobre ferrocarriles de v\u00eda estrecha o de lograr, por fin, adjudicarse administrativamente el agua de los r\u00edos. No hay nada m\u00e1s deprimente que colonizar una mente socialista o liberal, con pensamiento nacionalista.<br \/>\n      Hay una incompatibilidad insuperable entre el intento de lograr el autogobierno a costa del Estado y reclamar creciente solidaridad del Estado. Una cosa es apoyar el Estado de las Autonom\u00edas y otra creer en falsos mitos de autonom\u00eda: todo el gasto p\u00fablico residiendo en Oviedo, pero con parte de los ingresos proviniendo de Madrid. Si pusieran en nuestras manos todas las competencias sobre los gastos y las fuentes de ingresos, en diez a\u00f1os ser\u00edamos mucho m\u00e1s pobres. As\u00ed de claro.<br \/>\n     Sabedores de que las reformas estatutarias tienen licencia para invadir campos ajenos a lo que hasta ahora era de su competencia, el nuevo Estatuto de Autonom\u00eda de Asturias debe ser tan audaz como el \u201cEstatut\u201d, pero en direcci\u00f3n contraria, para establecer garant\u00edas de cohesi\u00f3n estatal que nos ponga a recaudo de cualquier veleidad nacionalista surgida en otras comunidades. A los que les motiva el autogobierno asturiano tienen que empezar a preocuparse por la fortaleza del Estado.<br \/>\n    Soy consciente que la letra de nuestro Estatuto puede entrar en contradicci\u00f3n con otros textos auton\u00f3micos, pero el c\u00e9lebre sudoku, citado por Solbes, no se podr\u00e1 resolver hasta dentro de unos a\u00f1os, con el triunfo de las corrientes de pensamiento progresista liberal, o de las fuerzas nacionalistas que medraron entre las grietas abiertas en el Estado por la lucha irresponsable de los dos grandes partidos nacionales.                                  <\/p>\n<!-- AddThis Advanced Settings generic via filter on the_content --><!-- AddThis Share Buttons generic via filter on the_content -->","protected":false},"excerpt":{"rendered":"<p>La reforma auton\u00f3mica asturiana tiene que incidir en la fortaleza de la cohesi\u00f3n estatal La constituci\u00f3n de la ponencia parlamentaria indica que esta vez va en serio la reforma del Estatuto de Autonom\u00eda. Los tres grupos (PSOE, PP e IU) quieren revisar la norma m\u00e1xima de nuestra comunidad, as\u00ed que para llevar la iniciativa a [&hellip;]<!-- AddThis Advanced Settings generic via filter on get_the_excerpt --><!-- AddThis Share Buttons generic via filter on get_the_excerpt --><\/p>\n","protected":false},"author":2,"featured_media":0,"comment_status":"open","ping_status":"closed","sticky":false,"template":"","format":"standard","meta":[],"categories":[4],"tags":[],"_links":{"self":[{"href":"https:\/\/blogs.elcomercio.es\/largo_de_cafe\/wp-json\/wp\/v2\/posts\/100"}],"collection":[{"href":"https:\/\/blogs.elcomercio.es\/largo_de_cafe\/wp-json\/wp\/v2\/posts"}],"about":[{"href":"https:\/\/blogs.elcomercio.es\/largo_de_cafe\/wp-json\/wp\/v2\/types\/post"}],"author":[{"embeddable":true,"href":"https:\/\/blogs.elcomercio.es\/largo_de_cafe\/wp-json\/wp\/v2\/users\/2"}],"replies":[{"embeddable":true,"href":"https:\/\/blogs.elcomercio.es\/largo_de_cafe\/wp-json\/wp\/v2\/comments?post=100"}],"version-history":[{"count":0,"href":"https:\/\/blogs.elcomercio.es\/largo_de_cafe\/wp-json\/wp\/v2\/posts\/100\/revisions"}],"wp:attachment":[{"href":"https:\/\/blogs.elcomercio.es\/largo_de_cafe\/wp-json\/wp\/v2\/media?parent=100"}],"wp:term":[{"taxonomy":"category","embeddable":true,"href":"https:\/\/blogs.elcomercio.es\/largo_de_cafe\/wp-json\/wp\/v2\/categories?post=100"},{"taxonomy":"post_tag","embeddable":true,"href":"https:\/\/blogs.elcomercio.es\/largo_de_cafe\/wp-json\/wp\/v2\/tags?post=100"}],"curies":[{"name":"wp","href":"https:\/\/api.w.org\/{rel}","templated":true}]}}