{"id":101,"date":"2007-10-08T00:03:09","date_gmt":"2007-10-08T00:03:09","guid":{"rendered":"http:\/\/blogs.elcomercio.es\/largo_de_cafe\/?p=101"},"modified":"2007-10-08T00:03:09","modified_gmt":"2007-10-08T00:03:09","slug":"de-paloma-halcon","status":"publish","type":"post","link":"https:\/\/blogs.elcomercio.es\/largo_de_cafe\/2007\/10\/08\/de-paloma-halcon\/","title":{"rendered":"DE PALOMA A HALC\u00d3N"},"content":{"rendered":"<p>    La prisi\u00f3n incondicional para la direcci\u00f3n de Batasuna, decidida por el juez Garz\u00f3n, completa el giro emprendido en la lucha antiterrorista desde el fin de la tregua hasta hoy. Batasuna es una organizaci\u00f3n ilegal, que forma parte del conglomerado de ETA, cuyos antiguos dirigentes ya fueron enviados a la c\u00e1rcel, hace a\u00f1os, cuando qued\u00f3 probado el nexo entre esta plataforma pol\u00edtica y la banda armada. Sin embargo, en los \u00faltimos tiempos, y particularmente despu\u00e9s de la detenci\u00f3n de Mikel Antza, antiguo m\u00e1ximo dirigente de ETA apresado por la Polic\u00eda francesa el 3 de octubre de 2004, Batasuna empez\u00f3 a recibir un trato contemporizador por parte del Gobierno, aunque no obtuvo permiso para presentarse a las elecciones. Durante los catorce meses que dur\u00f3 el  \u201cproceso de paz\u201d, los principales dirigentes de Batasuna, con Otegi a la cabeza, sal\u00edan todos los d\u00edas en los telediarios, de modo que para el espectador Batasuna se convirti\u00f3 en el tercer partido del espectro pol\u00edtico espa\u00f1ol, con m\u00e1s minutos de im\u00e1genes que IU, CiU, ERC o el PNV. En el invierno pasado, la \u201clucha\u201d de I\u00f1aki de Juana y las ruedas de prensa de Otegi llegaron a ocupar el centro del debate pol\u00edtico. La benevolencia del Gobierno con Batasuna formaba parte de un plan, en el cual, esta plataforma pol\u00edtica iba a jugar un papel similar al desempe\u00f1ado por Sinn F\u00e9in en el proceso de paz irland\u00e9s.<br \/>\n     Desde el fin de la tregua, la situaci\u00f3n empez\u00f3 a cambiar, como se pudo ver con la vuelta a la c\u00e1rcel de I\u00f1aki de Juana y el ingreso de Otegi en la prisi\u00f3n de Martutene. Ahora, con la entrada  en prisi\u00f3n de la c\u00fapula de Batasuna y la investigaci\u00f3n judicial sobre el Partido Comunista de las Tierras Vascas, hemos llegado casi al punto de partida. Por primera vez en mucho tiempo los principios contenidos en la Ley de Partidos y en el Pacto Antiterrorista vuelven a tener vigencia.<br \/>\n      El recuperado celo gubernamental y judicial en la persecuci\u00f3n del entorno pol\u00edtico de los terroristas, con la entrada en la c\u00e1rcel de los \u201cbatasunos\u201d, no se puede entender cabalmente sin ligarlo al anuncio de Ibarretxe de someter a consulta popular el futuro pol\u00edtico del Pa\u00eds Vasco. El aviso es claro: las actuaciones ilegales tienen consecuencias penales. El Gobierno cambia de paloma a halc\u00f3n.       <\/p>\n<!-- AddThis Advanced Settings generic via filter on the_content --><!-- AddThis Share Buttons generic via filter on the_content -->","protected":false},"excerpt":{"rendered":"<p>La prisi\u00f3n incondicional para la direcci\u00f3n de Batasuna, decidida por el juez Garz\u00f3n, completa el giro emprendido en la lucha antiterrorista desde el fin de la tregua hasta hoy. Batasuna es una organizaci\u00f3n ilegal, que forma parte del conglomerado de ETA, cuyos antiguos dirigentes ya fueron enviados a la c\u00e1rcel, hace a\u00f1os, cuando qued\u00f3 probado [&hellip;]<!-- AddThis Advanced Settings generic via filter on get_the_excerpt --><!-- AddThis Share Buttons generic via filter on get_the_excerpt --><\/p>\n","protected":false},"author":2,"featured_media":0,"comment_status":"open","ping_status":"closed","sticky":false,"template":"","format":"standard","meta":[],"categories":[4],"tags":[],"_links":{"self":[{"href":"https:\/\/blogs.elcomercio.es\/largo_de_cafe\/wp-json\/wp\/v2\/posts\/101"}],"collection":[{"href":"https:\/\/blogs.elcomercio.es\/largo_de_cafe\/wp-json\/wp\/v2\/posts"}],"about":[{"href":"https:\/\/blogs.elcomercio.es\/largo_de_cafe\/wp-json\/wp\/v2\/types\/post"}],"author":[{"embeddable":true,"href":"https:\/\/blogs.elcomercio.es\/largo_de_cafe\/wp-json\/wp\/v2\/users\/2"}],"replies":[{"embeddable":true,"href":"https:\/\/blogs.elcomercio.es\/largo_de_cafe\/wp-json\/wp\/v2\/comments?post=101"}],"version-history":[{"count":0,"href":"https:\/\/blogs.elcomercio.es\/largo_de_cafe\/wp-json\/wp\/v2\/posts\/101\/revisions"}],"wp:attachment":[{"href":"https:\/\/blogs.elcomercio.es\/largo_de_cafe\/wp-json\/wp\/v2\/media?parent=101"}],"wp:term":[{"taxonomy":"category","embeddable":true,"href":"https:\/\/blogs.elcomercio.es\/largo_de_cafe\/wp-json\/wp\/v2\/categories?post=101"},{"taxonomy":"post_tag","embeddable":true,"href":"https:\/\/blogs.elcomercio.es\/largo_de_cafe\/wp-json\/wp\/v2\/tags?post=101"}],"curies":[{"name":"wp","href":"https:\/\/api.w.org\/{rel}","templated":true}]}}