{"id":10138,"date":"2024-06-28T21:51:49","date_gmt":"2024-06-28T19:51:49","guid":{"rendered":"https:\/\/blogs.elcomercio.es\/largo_de_cafe\/?p=10138"},"modified":"2024-06-28T21:51:49","modified_gmt":"2024-06-28T19:51:49","slug":"abuso-manifiesto","status":"publish","type":"post","link":"https:\/\/blogs.elcomercio.es\/largo_de_cafe\/2024\/06\/28\/abuso-manifiesto\/","title":{"rendered":"ABUSO MANIFIESTO"},"content":{"rendered":"<p>Otea, la patronal de Hosteler\u00eda y Turismo en Asturias, ha celebrado su Asamblea anual. Jos\u00e9 Luis \u00c1lvarez Almeida, presidente de la organizaci\u00f3n, reivindic\u00f3 el papel del sector, al ser quien crea m\u00e1s empleo en la regi\u00f3n y con una creciente participaci\u00f3n en el PIB (12,5%). No obstante, hay aspectos preocupantes, como la ca\u00edda de aut\u00f3nomos, 479 en los \u00faltimos a\u00f1os, un dato que le sirvi\u00f3 a Almeida para afirmar algo obvio: \u00abSin empresas no hay turismo\u00bb.<\/p>\n<p>En la crisis financiera de 2008 se hundi\u00f3 en Espa\u00f1a el sector de la construcci\u00f3n, tras una d\u00e9cada de espectacular desarrollo. El desempleo estaba en el a\u00f1o 2007 en m\u00ednimos hist\u00f3ricos, 8,6%, justo antes de empezar la gran recesi\u00f3n. Seis a\u00f1os m\u00e1s tarde, el paro llegaba al 27,1%. El vac\u00edo dejado por la construcci\u00f3n y, en parte, por la industria, fue cubierto por la hosteler\u00eda y el turismo. Millones de desempleados buscaron refugio en el sector servicios. La hosteler\u00eda y el turismo se expandieron hasta tener en la actualidad m\u00e1s de cinco millones de puestos de trabajo. No son actividades complementarias, sino que forman parte del n\u00facleo duro de la actividad econ\u00f3mica espa\u00f1ola. Es preciso contar con otros sectores que dejan m\u00e1s valor a\u00f1adido, por supuesto, pero no desde\u00f1emos al turismo y la hosteler\u00eda, porque dan de comer a millones de espa\u00f1oles y son la causa principal por la que la econom\u00eda espa\u00f1ola crece, en los \u00faltimos a\u00f1os, m\u00e1s que las de los grandes pa\u00edses de la Uni\u00f3n Europea; un fen\u00f3meno que Pedro S\u00e1nchez describe con expresivas palabras: \u00abLa econom\u00eda espa\u00f1ola va como un cohete\u00bb.<\/p>\n<p>Almeida se refiri\u00f3 a las Viviendas de Uso Tur\u00edstico (VUT) que est\u00e1n sometidas a debate desde el pasado verano. Lo hizo de una forma matizada: \u00abVivimos una realidad indiscutible, que es el excesivo crecimiento de las VUT, un modelo que no rechazamos, porque no debemos poner puertas al campo, sino que debemos convivir con \u00e9l\u00bb. Ese crecimiento excesivo se debe, fundamentalmente, a la Ley de Vivienda, que deja a los arrendadores sin garant\u00eda ante las eventualidades que sufran los arrendatarios. Los propietarios se fueron en masa del mercado cl\u00e1sico del alquiler, cayendo en picado la oferta de viviendas, y se acogieron a la modalidad de las VUT. No hace falta reformar la norma del Turismo, sino corregir la Ley de Vivienda. Es un acierto proteger a las personas vulnerables de los desalojos, pero siempre que la Administraci\u00f3n se subrogue en sus obligaciones y pague la renta. Hacer pol\u00edtica social con recursos privados es un abuso manifiesto.<\/p>\n<!-- AddThis Advanced Settings generic via filter on the_content --><!-- AddThis Share Buttons generic via filter on the_content -->","protected":false},"excerpt":{"rendered":"<p>Otea, la patronal de Hosteler\u00eda y Turismo en Asturias, ha celebrado su Asamblea anual. Jos\u00e9 Luis \u00c1lvarez Almeida, presidente de la organizaci\u00f3n, reivindic\u00f3 el papel del sector, al ser quien crea m\u00e1s empleo en la regi\u00f3n y con una creciente participaci\u00f3n en el PIB (12,5%). No obstante, hay aspectos preocupantes, como la ca\u00edda de aut\u00f3nomos, [&hellip;]<!-- AddThis Advanced Settings generic via filter on get_the_excerpt --><!-- AddThis Share Buttons generic via filter on get_the_excerpt --><\/p>\n","protected":false},"author":2,"featured_media":0,"comment_status":"open","ping_status":"open","sticky":false,"template":"","format":"standard","meta":[],"categories":[1],"tags":[],"_links":{"self":[{"href":"https:\/\/blogs.elcomercio.es\/largo_de_cafe\/wp-json\/wp\/v2\/posts\/10138"}],"collection":[{"href":"https:\/\/blogs.elcomercio.es\/largo_de_cafe\/wp-json\/wp\/v2\/posts"}],"about":[{"href":"https:\/\/blogs.elcomercio.es\/largo_de_cafe\/wp-json\/wp\/v2\/types\/post"}],"author":[{"embeddable":true,"href":"https:\/\/blogs.elcomercio.es\/largo_de_cafe\/wp-json\/wp\/v2\/users\/2"}],"replies":[{"embeddable":true,"href":"https:\/\/blogs.elcomercio.es\/largo_de_cafe\/wp-json\/wp\/v2\/comments?post=10138"}],"version-history":[{"count":1,"href":"https:\/\/blogs.elcomercio.es\/largo_de_cafe\/wp-json\/wp\/v2\/posts\/10138\/revisions"}],"predecessor-version":[{"id":10140,"href":"https:\/\/blogs.elcomercio.es\/largo_de_cafe\/wp-json\/wp\/v2\/posts\/10138\/revisions\/10140"}],"wp:attachment":[{"href":"https:\/\/blogs.elcomercio.es\/largo_de_cafe\/wp-json\/wp\/v2\/media?parent=10138"}],"wp:term":[{"taxonomy":"category","embeddable":true,"href":"https:\/\/blogs.elcomercio.es\/largo_de_cafe\/wp-json\/wp\/v2\/categories?post=10138"},{"taxonomy":"post_tag","embeddable":true,"href":"https:\/\/blogs.elcomercio.es\/largo_de_cafe\/wp-json\/wp\/v2\/tags?post=10138"}],"curies":[{"name":"wp","href":"https:\/\/api.w.org\/{rel}","templated":true}]}}