{"id":10150,"date":"2024-07-04T00:23:06","date_gmt":"2024-07-03T22:23:06","guid":{"rendered":"https:\/\/blogs.elcomercio.es\/largo_de_cafe\/?p=10150"},"modified":"2024-07-04T00:23:06","modified_gmt":"2024-07-03T22:23:06","slug":"una-campana-desnortada","status":"publish","type":"post","link":"https:\/\/blogs.elcomercio.es\/largo_de_cafe\/2024\/07\/04\/una-campana-desnortada\/","title":{"rendered":"UNA CAMPA\u00d1A DESNORTADA"},"content":{"rendered":"<p>Lara Mart\u00ednez, viceconsejera de Turismo, considera un acierto el nuevo registro estatal de viviendas tur\u00edsticas anunciado por Pedro S\u00e1nchez. A su entender re\u00fane dos cualidades: \u00abContribuir\u00e1 a la coordinaci\u00f3n entre administraciones y nos ayudar\u00e1 a algo muy importante, la persecuci\u00f3n de los establecimientos ilegales\u00bb. Es curioso que el Principado considere beneficiosa la coordinaci\u00f3n en el caso de las viviendas tur\u00edsticas, mientras que en otras cuestiones apueste porque cada regi\u00f3n gestione por su cuenta. El registro central no aportar\u00e1 nada sustancial, sin embargo, unificar la Evaluaci\u00f3n del Bachillerato para el Acceso a la Universidad (EBAU), una iniciativa que acabar\u00eda con la desigualdad entre estudiantes de las distintas comunidades aut\u00f3nomas para elegir carrera, parece algo \u00abanticonstitucional\u00bb. As\u00ed calific\u00f3 la consejera de Educaci\u00f3n, Lydia Espina, a la iniciativa del PP. Al final, la raz\u00f3n de fondo para sentir tanto entusiasmo con el registro central no es otra que el alineamiento partidario.<\/p>\n<p>La cr\u00edtica a las viviendas tur\u00edsticas, la lucha para acabar con ellas, liderada hasta ahora por el alcalde de Barcelona, Jaume Collboni, con el anuncio de clausurar los 10.000 pisos tur\u00edsticos que hay en Barcelona dedicados a esa modalidad de alquiler, lleva a tratar esa alternativa como algo pernicioso. Lara Mart\u00ednez considera muy importante la \u00abpersecuci\u00f3n de establecimientos ilegales\u00bb. Habla la viceconsejera como si estuvieran dedicados a la venta de droga. Si no padeci\u00e9ramos la fiebre intervencionista, el acuerdo entre propietario y moradores, sobre el alquiler de un inmueble tur\u00edstico, no necesita de ning\u00fan control administrativo especial. Es una actividad econ\u00f3mica, como otra cualquiera, que tiene la obligaci\u00f3n de ser declarada a Hacienda y pagar en funci\u00f3n del rendimiento econ\u00f3mico que se obtiene de ella. El mismo tratamiento que los inmuebles destinados a residencia habitual de alquiler. El alcalde socialista de la Ciudad Condal liquida los pisos tur\u00edsticos para \u00abgarantizar el acceso a la vivienda de los j\u00f3venes y de la clase trabajadora\u00bb, cuando est\u00e1n lejos de representar el 1% de los inmuebles del \u00e1rea metropolitana de Barcelona.<\/p>\n<p>En pol\u00edtica es muy usual que los gobiernos busquen un culpable para ocultar los errores propios. Con la campa\u00f1a desmedida contra las viviendas tur\u00edsticas hacen un da\u00f1o al turismo, nuestra principal actividad econ\u00f3mica. Es lamentable que desde Asturias aplaudamos las desnortadas propuestas de un pol\u00edtico catal\u00e1n.<\/p>\n<!-- AddThis Advanced Settings generic via filter on the_content --><!-- AddThis Share Buttons generic via filter on the_content -->","protected":false},"excerpt":{"rendered":"<p>Lara Mart\u00ednez, viceconsejera de Turismo, considera un acierto el nuevo registro estatal de viviendas tur\u00edsticas anunciado por Pedro S\u00e1nchez. A su entender re\u00fane dos cualidades: \u00abContribuir\u00e1 a la coordinaci\u00f3n entre administraciones y nos ayudar\u00e1 a algo muy importante, la persecuci\u00f3n de los establecimientos ilegales\u00bb. Es curioso que el Principado considere beneficiosa la coordinaci\u00f3n en el [&hellip;]<!-- AddThis Advanced Settings generic via filter on get_the_excerpt --><!-- AddThis Share Buttons generic via filter on get_the_excerpt --><\/p>\n","protected":false},"author":2,"featured_media":0,"comment_status":"open","ping_status":"open","sticky":false,"template":"","format":"standard","meta":[],"categories":[1],"tags":[],"_links":{"self":[{"href":"https:\/\/blogs.elcomercio.es\/largo_de_cafe\/wp-json\/wp\/v2\/posts\/10150"}],"collection":[{"href":"https:\/\/blogs.elcomercio.es\/largo_de_cafe\/wp-json\/wp\/v2\/posts"}],"about":[{"href":"https:\/\/blogs.elcomercio.es\/largo_de_cafe\/wp-json\/wp\/v2\/types\/post"}],"author":[{"embeddable":true,"href":"https:\/\/blogs.elcomercio.es\/largo_de_cafe\/wp-json\/wp\/v2\/users\/2"}],"replies":[{"embeddable":true,"href":"https:\/\/blogs.elcomercio.es\/largo_de_cafe\/wp-json\/wp\/v2\/comments?post=10150"}],"version-history":[{"count":1,"href":"https:\/\/blogs.elcomercio.es\/largo_de_cafe\/wp-json\/wp\/v2\/posts\/10150\/revisions"}],"predecessor-version":[{"id":10151,"href":"https:\/\/blogs.elcomercio.es\/largo_de_cafe\/wp-json\/wp\/v2\/posts\/10150\/revisions\/10151"}],"wp:attachment":[{"href":"https:\/\/blogs.elcomercio.es\/largo_de_cafe\/wp-json\/wp\/v2\/media?parent=10150"}],"wp:term":[{"taxonomy":"category","embeddable":true,"href":"https:\/\/blogs.elcomercio.es\/largo_de_cafe\/wp-json\/wp\/v2\/categories?post=10150"},{"taxonomy":"post_tag","embeddable":true,"href":"https:\/\/blogs.elcomercio.es\/largo_de_cafe\/wp-json\/wp\/v2\/tags?post=10150"}],"curies":[{"name":"wp","href":"https:\/\/api.w.org\/{rel}","templated":true}]}}