{"id":10166,"date":"2024-07-09T00:25:09","date_gmt":"2024-07-08T22:25:09","guid":{"rendered":"https:\/\/blogs.elcomercio.es\/largo_de_cafe\/?p=10166"},"modified":"2024-07-09T00:25:09","modified_gmt":"2024-07-08T22:25:09","slug":"anemia-legislativa","status":"publish","type":"post","link":"https:\/\/blogs.elcomercio.es\/largo_de_cafe\/2024\/07\/09\/anemia-legislativa\/","title":{"rendered":"ANEMIA LEGISLATIVA"},"content":{"rendered":"<p>La Junta General del Principado entra en modo vacaciones. La actividad ordinaria, de comisiones y plenos, queda interrumpida hasta el pleno institucional del D\u00eda de Asturias. Dos meses largos de asueto (m\u00e1s de 65 d\u00edas) que aprovechar\u00e1n los diputados para cargar las pilas y reponerse de tanto debate accidentado. Nuestro Parlamento, como el de otras regiones, vive de tiempos de tensi\u00f3n, aunque todav\u00eda, por fortuna, no sufrimos el s\u00edndrome del fango que tanto da\u00f1o hace a las Cortes Generales. La pol\u00edtica sigue en los medios, pero la Junta hace un alto. Me cuesta entender que en enero la C\u00e1mara hiberne, pero puestos a buscar un pretexto, siempre cabe arg\u00fcir que se ahorra energ\u00eda en un mes tan fr\u00edo. Comprendo, perfectamente, que, en agosto, como tantos conciudadanos, los diputados lo dediquen exclusivamente a asuntos personales, pero lo de julio\u2026<\/p>\n<p>Como, por extensi\u00f3n, estamos hablando de la Administraci\u00f3n p\u00fablica, la raz\u00f3n de la temprana vacaci\u00f3n est\u00e1 en el reglamento. Mientras no cambie el reglamento la actividad parlamentaria se acomodar\u00e1 a un calendario en que el mes de julio es inh\u00e1bil. Y el reglamento s\u00f3lo lo pueden cambiar los que disfrutan ya del derecho a la holganza.<\/p>\n<p>Pues bien, en esta ocasi\u00f3n, y sin que sirva de precedente, la mayor\u00eda de los diputados se pusieron de acuerdo en trabajar durante el mes de julio para sacar adelante la tarea atrasada (Ley de Turismo, Ley de Proyectos de Inter\u00e9s Estrat\u00e9gico Regional y la Ley de Escuelas de cero a tres a\u00f1os). Para contravenir al reglamento es preciso que todos los grupos parlamentarios se muestren a favor de continuar con la actividad parlamentaria, algo que no ocurri\u00f3 porque Vox defendi\u00f3 la tradicional pausa vacacional para impedir que se aprueben las tres leyes citadas. La estrategia del filibusterismo que sufrieron primero los americanos y, luego, se extendi\u00f3 por Europa.<\/p>\n<p>Dejando a un lado a Vox, toca preguntarse por qu\u00e9 la Junta General apenas aprueba leyes, ya que la producci\u00f3n legislativa es la esencia de su raz\u00f3n de ser. En este primer a\u00f1o de mandato, aprobaron los presupuestos del Principado, la norma que crea el colegio profesional de los logopedas, y la Ley de Impulso Demogr\u00e1fico, que ya estaba redactada en la anterior legislatura y por unos d\u00edas no dio tiempo a aprobarla. El balance es muy pobre, al igual que en anteriores cursos parlamentarios. Para entender esta anemia legislativa no se me ocurre otra raz\u00f3n que la desidia. Al final, la actividad parlamentaria se mueve s\u00f3lo por inercia.<\/p>\n<!-- AddThis Advanced Settings generic via filter on the_content --><!-- AddThis Share Buttons generic via filter on the_content -->","protected":false},"excerpt":{"rendered":"<p>La Junta General del Principado entra en modo vacaciones. La actividad ordinaria, de comisiones y plenos, queda interrumpida hasta el pleno institucional del D\u00eda de Asturias. Dos meses largos de asueto (m\u00e1s de 65 d\u00edas) que aprovechar\u00e1n los diputados para cargar las pilas y reponerse de tanto debate accidentado. Nuestro Parlamento, como el de otras [&hellip;]<!-- AddThis Advanced Settings generic via filter on get_the_excerpt --><!-- AddThis Share Buttons generic via filter on get_the_excerpt --><\/p>\n","protected":false},"author":2,"featured_media":0,"comment_status":"open","ping_status":"open","sticky":false,"template":"","format":"standard","meta":[],"categories":[1],"tags":[],"_links":{"self":[{"href":"https:\/\/blogs.elcomercio.es\/largo_de_cafe\/wp-json\/wp\/v2\/posts\/10166"}],"collection":[{"href":"https:\/\/blogs.elcomercio.es\/largo_de_cafe\/wp-json\/wp\/v2\/posts"}],"about":[{"href":"https:\/\/blogs.elcomercio.es\/largo_de_cafe\/wp-json\/wp\/v2\/types\/post"}],"author":[{"embeddable":true,"href":"https:\/\/blogs.elcomercio.es\/largo_de_cafe\/wp-json\/wp\/v2\/users\/2"}],"replies":[{"embeddable":true,"href":"https:\/\/blogs.elcomercio.es\/largo_de_cafe\/wp-json\/wp\/v2\/comments?post=10166"}],"version-history":[{"count":1,"href":"https:\/\/blogs.elcomercio.es\/largo_de_cafe\/wp-json\/wp\/v2\/posts\/10166\/revisions"}],"predecessor-version":[{"id":10167,"href":"https:\/\/blogs.elcomercio.es\/largo_de_cafe\/wp-json\/wp\/v2\/posts\/10166\/revisions\/10167"}],"wp:attachment":[{"href":"https:\/\/blogs.elcomercio.es\/largo_de_cafe\/wp-json\/wp\/v2\/media?parent=10166"}],"wp:term":[{"taxonomy":"category","embeddable":true,"href":"https:\/\/blogs.elcomercio.es\/largo_de_cafe\/wp-json\/wp\/v2\/categories?post=10166"},{"taxonomy":"post_tag","embeddable":true,"href":"https:\/\/blogs.elcomercio.es\/largo_de_cafe\/wp-json\/wp\/v2\/tags?post=10166"}],"curies":[{"name":"wp","href":"https:\/\/api.w.org\/{rel}","templated":true}]}}