{"id":102,"date":"2007-10-08T23:56:20","date_gmt":"2007-10-08T23:56:20","guid":{"rendered":"http:\/\/blogs.elcomercio.es\/largo_de_cafe\/?p=102"},"modified":"2007-10-08T23:56:20","modified_gmt":"2007-10-08T23:56:20","slug":"debates-dividen","status":"publish","type":"post","link":"https:\/\/blogs.elcomercio.es\/largo_de_cafe\/2007\/10\/08\/debates-dividen\/","title":{"rendered":"DEBATES QUE DIVIDEN"},"content":{"rendered":"<p>Tras un largo proceso de negociaci\u00f3n, el Gobierno de Zapatero ha llegado a un acuerdo con todos los grupos parlamentarios (exceptuando al PP y a ERC) sobre la Ley de Memoria Hist\u00f3rica, que ser\u00e1 tratada en el Pleno del Congreso de los Diputados dentro de diez d\u00edas. Sobre esta iniciativa parlamentaria se ha discutido mucho, unos defendiendo la necesidad de dar reconocimiento p\u00fablico a las v\u00edctimas de la represi\u00f3n durante la Guerra civil y la Dictadura, y otros acusando el proyecto de maniqueo, al no valorar que los excesos violentos se dieron en los dos bandos enfrentados durante la contienda fratricida. Puede que unos y otros tengan raz\u00f3n, pero la valoraci\u00f3n pol\u00edtica no se puede plantear en estos t\u00e9rminos.<br \/>\n     La Ley de Memoria Hist\u00f3rica ser\u00eda inobjetable en la primera legislatura democr\u00e1tica, como forma de revisi\u00f3n cr\u00edtica sobre el periodo pol\u00edtico precedente, cuando se hablaba constantemente en la calle de la Segunda Rep\u00fablica, la Dictadura y la recuperaci\u00f3n del sistema de libertades. Treinta a\u00f1os m\u00e1s tarde, no hab\u00eda ninguna raz\u00f3n para ponerse a discutir sobre los cr\u00edmenes cometidos durante el franquismo, porque las prioridades pol\u00edticas y legislativas son otras. Gaspar Llamazares valora la redacci\u00f3n definitiva de la ley porque deroga el aparato jur\u00eddico de la Dictadura y declara ileg\u00edtimos los procesos. A estas alturas, no es ning\u00fan avance la deslegitimaci\u00f3n de los procesos judiciales del franquismo porque la sociedad espa\u00f1ola no tiene ninguna duda sobre la iniquidad de la Dictadura.<br \/>\n      La Ley de Memoria Hist\u00f3rica se apoya impl\u00edcitamente en la premisa de reparar una injusticia que no pudo realizarse durante los primeros a\u00f1os de la democracia. Es algo similar a lo que pasa con los nuevos estatutos de autonom\u00eda que pretenden superar los condicionantes pol\u00edticos que supuestamente pesaban sobre los actuales textos, como si el Estado de las Autonom\u00edas se hubiese levantado con pesadas hipotecas. Sin embargo, la sociedad espa\u00f1ola est\u00e1 ahora m\u00e1s dividida que al empezar la actual legislatura y el modelo territorial \u2013si es que hay alguno- suscita un menor consenso que el asentado con los primeros estatutos. Zapatero deber\u00eda meditar sobre estas realidades antes de lanzarse a abrir debates.    <\/p>\n<!-- AddThis Advanced Settings generic via filter on the_content --><!-- AddThis Share Buttons generic via filter on the_content -->","protected":false},"excerpt":{"rendered":"<p>Tras un largo proceso de negociaci\u00f3n, el Gobierno de Zapatero ha llegado a un acuerdo con todos los grupos parlamentarios (exceptuando al PP y a ERC) sobre la Ley de Memoria Hist\u00f3rica, que ser\u00e1 tratada en el Pleno del Congreso de los Diputados dentro de diez d\u00edas. Sobre esta iniciativa parlamentaria se ha discutido mucho, [&hellip;]<!-- AddThis Advanced Settings generic via filter on get_the_excerpt --><!-- AddThis Share Buttons generic via filter on get_the_excerpt --><\/p>\n","protected":false},"author":2,"featured_media":0,"comment_status":"open","ping_status":"closed","sticky":false,"template":"","format":"standard","meta":[],"categories":[4],"tags":[],"_links":{"self":[{"href":"https:\/\/blogs.elcomercio.es\/largo_de_cafe\/wp-json\/wp\/v2\/posts\/102"}],"collection":[{"href":"https:\/\/blogs.elcomercio.es\/largo_de_cafe\/wp-json\/wp\/v2\/posts"}],"about":[{"href":"https:\/\/blogs.elcomercio.es\/largo_de_cafe\/wp-json\/wp\/v2\/types\/post"}],"author":[{"embeddable":true,"href":"https:\/\/blogs.elcomercio.es\/largo_de_cafe\/wp-json\/wp\/v2\/users\/2"}],"replies":[{"embeddable":true,"href":"https:\/\/blogs.elcomercio.es\/largo_de_cafe\/wp-json\/wp\/v2\/comments?post=102"}],"version-history":[{"count":0,"href":"https:\/\/blogs.elcomercio.es\/largo_de_cafe\/wp-json\/wp\/v2\/posts\/102\/revisions"}],"wp:attachment":[{"href":"https:\/\/blogs.elcomercio.es\/largo_de_cafe\/wp-json\/wp\/v2\/media?parent=102"}],"wp:term":[{"taxonomy":"category","embeddable":true,"href":"https:\/\/blogs.elcomercio.es\/largo_de_cafe\/wp-json\/wp\/v2\/categories?post=102"},{"taxonomy":"post_tag","embeddable":true,"href":"https:\/\/blogs.elcomercio.es\/largo_de_cafe\/wp-json\/wp\/v2\/tags?post=102"}],"curies":[{"name":"wp","href":"https:\/\/api.w.org\/{rel}","templated":true}]}}