{"id":10242,"date":"2024-08-09T23:52:09","date_gmt":"2024-08-09T21:52:09","guid":{"rendered":"https:\/\/blogs.elcomercio.es\/largo_de_cafe\/?p=10242"},"modified":"2024-08-09T23:52:09","modified_gmt":"2024-08-09T21:52:09","slug":"esperpento","status":"publish","type":"post","link":"https:\/\/blogs.elcomercio.es\/largo_de_cafe\/2024\/08\/09\/esperpento\/","title":{"rendered":"ESPERPENTO"},"content":{"rendered":"<p>Catalu\u00f1a vivi\u00f3 uno de los d\u00edas m\u00e1s degradantes (sino el m\u00e1s) de su historia reciente. La fecha estaba marcada en la agenda oficial por la sesi\u00f3n de investidura de Salvador Illa, l\u00edder del PSC y ganador de las \u00faltimas elecciones auton\u00f3micas, sin embargo, el protagonista de la jornada fue Puigdemont, auxiliado por la actuaci\u00f3n de la polic\u00eda auton\u00f3mica (Mossos d&#8217;Esquadra) que ten\u00eda orden del Tribunal Supremo (TS) de detener al pr\u00f3fugo y se qued\u00f3 cruzada de brazos viendo c\u00f3mo el expresidente daba un mitin en el centro de Barcelona, subido a un estrado, a la hora previamente indicada, y a continuaci\u00f3n desaparec\u00eda por las calles de la ciudad andando a paso ligero. Por si todo lo anterior no fuera suficientemente escandaloso, la polic\u00eda auton\u00f3mica despleg\u00f3 un dispositivo \u2013operaci\u00f3n de jaula\u2013 con controles por todo el centro urbano, con resultado fallido. La polic\u00eda judicial no atiende a las directrices del juez y se mueve por decisiones del estamento pol\u00edtico. Llueve sobre mojado. El 1\u00ba de octubre de 2017 ten\u00edan orden de impedir la celebraci\u00f3n del refer\u00e9ndum de independencia, y se limitaron a ir de ronda por la ciudad, en camisa de manga corta, zapatos planos y la defensa colgada del cintur\u00f3n, como si fuera un servicio rutinario. A media tarde, Puigdemont, a trav\u00e9s de las redes sociales, envi\u00f3 un mensaje escueto: \u00abTodav\u00eda estamos aqu\u00ed\u00bb. Primero delinque, luego se fuga, m\u00e1s tarde redacta, a medias con la Moncloa, la ley de amnist\u00eda en beneficio propio y, al final, como el TS, considera que la Ley de Amnist\u00eda no es aplicable al delito de malversaci\u00f3n de caudales p\u00fablicos, retorna a Catalu\u00f1a y no pasa nada. Toca preguntarse si la democracia catalana es homologable a la de los pa\u00edses de la UE.<\/p>\n<p>En el Parlament, la sesi\u00f3n de investidura fue suspendida, a petici\u00f3n de Junts, por \u00abla grav\u00edsima y desproporcionada actuaci\u00f3n de los Mossos\u00bb. Toda una burla. Posteriormente se reanud\u00f3. En su intervenci\u00f3n inicial, Salvador Illa pidi\u00f3 la aplicaci\u00f3n de la Ley de Amnist\u00eda \u00absin subterfugios\u00bb. Ese comentario s\u00f3lo tiene un destinatario que es el Tribunal Supremo. Illa asume el discurso de los independentistas: la legalidad no la infringen ellos, sino los jueces. En su parlamento, volvi\u00f3 a reafirmarse en la financiaci\u00f3n singular para Catalu\u00f1a (100% de impuestos) y la plurinacionalidad de Espa\u00f1a. El resto fue anodino. Salvador IIla fue elegido presidente con los votos del PSC, ERC y Comunes (68 esca\u00f1os). El resto vot\u00f3 en contra (66). Empieza un mandato bajo la sombra alargada de Puigdemont.<\/p>\n<!-- AddThis Advanced Settings generic via filter on the_content --><!-- AddThis Share Buttons generic via filter on the_content -->","protected":false},"excerpt":{"rendered":"<p>Catalu\u00f1a vivi\u00f3 uno de los d\u00edas m\u00e1s degradantes (sino el m\u00e1s) de su historia reciente. La fecha estaba marcada en la agenda oficial por la sesi\u00f3n de investidura de Salvador Illa, l\u00edder del PSC y ganador de las \u00faltimas elecciones auton\u00f3micas, sin embargo, el protagonista de la jornada fue Puigdemont, auxiliado por la actuaci\u00f3n de [&hellip;]<!-- AddThis Advanced Settings generic via filter on get_the_excerpt --><!-- AddThis Share Buttons generic via filter on get_the_excerpt --><\/p>\n","protected":false},"author":2,"featured_media":0,"comment_status":"open","ping_status":"open","sticky":false,"template":"","format":"standard","meta":[],"categories":[1],"tags":[],"_links":{"self":[{"href":"https:\/\/blogs.elcomercio.es\/largo_de_cafe\/wp-json\/wp\/v2\/posts\/10242"}],"collection":[{"href":"https:\/\/blogs.elcomercio.es\/largo_de_cafe\/wp-json\/wp\/v2\/posts"}],"about":[{"href":"https:\/\/blogs.elcomercio.es\/largo_de_cafe\/wp-json\/wp\/v2\/types\/post"}],"author":[{"embeddable":true,"href":"https:\/\/blogs.elcomercio.es\/largo_de_cafe\/wp-json\/wp\/v2\/users\/2"}],"replies":[{"embeddable":true,"href":"https:\/\/blogs.elcomercio.es\/largo_de_cafe\/wp-json\/wp\/v2\/comments?post=10242"}],"version-history":[{"count":1,"href":"https:\/\/blogs.elcomercio.es\/largo_de_cafe\/wp-json\/wp\/v2\/posts\/10242\/revisions"}],"predecessor-version":[{"id":10244,"href":"https:\/\/blogs.elcomercio.es\/largo_de_cafe\/wp-json\/wp\/v2\/posts\/10242\/revisions\/10244"}],"wp:attachment":[{"href":"https:\/\/blogs.elcomercio.es\/largo_de_cafe\/wp-json\/wp\/v2\/media?parent=10242"}],"wp:term":[{"taxonomy":"category","embeddable":true,"href":"https:\/\/blogs.elcomercio.es\/largo_de_cafe\/wp-json\/wp\/v2\/categories?post=10242"},{"taxonomy":"post_tag","embeddable":true,"href":"https:\/\/blogs.elcomercio.es\/largo_de_cafe\/wp-json\/wp\/v2\/tags?post=10242"}],"curies":[{"name":"wp","href":"https:\/\/api.w.org\/{rel}","templated":true}]}}