{"id":10271,"date":"2024-08-22T23:18:43","date_gmt":"2024-08-22T21:18:43","guid":{"rendered":"https:\/\/blogs.elcomercio.es\/largo_de_cafe\/?p=10271"},"modified":"2024-08-22T23:18:43","modified_gmt":"2024-08-22T21:18:43","slug":"transparencia-por-favor","status":"publish","type":"post","link":"https:\/\/blogs.elcomercio.es\/largo_de_cafe\/2024\/08\/22\/transparencia-por-favor\/","title":{"rendered":"TRANSPARENCIA, POR FAVOR"},"content":{"rendered":"<p>La Consejer\u00eda de Educaci\u00f3n rechaza los porcentajes de interinidad dados a conocer por el sindicato Anpe en las plantillas de profesores y maestros. Para el Principado, la educaci\u00f3n asturiana cumple con las tasas de interinidad previstas tras dos a\u00f1os de proceso de estabilizaci\u00f3n que convirti\u00f3 a los funcionarios temporales en fijos. El objetivo que se hab\u00eda marcado la Administraci\u00f3n asturiana era bajar el porcentaje de temporales al 8% de la plantilla, y aseguran que en la actualidad ya est\u00e1 por debajo del 7%. Anpe, por su parte, mantiene que el 22,5% de los profesores y maestros siguen siendo interinos; asegura que s\u00f3lo lograron convertir en funcionarios con plaza fija a 1.562 profesores y maestros. En v\u00edsperas del inicio del nuevo curso escolar, Anpe mantiene que en los centros habr\u00e1, de entrada, 2.770 interinos que aumentar\u00e1n en las siguientes semanas.<\/p>\n<p>Cuando la Consejer\u00eda de Educaci\u00f3n y el sindicato que tiene una mayor representaci\u00f3n en la Junta de Personal Docente discrepan de una forma abierta la mayor parte de la gente que sigue este asunto, con mayor o menor inter\u00e9s, se abona al escepticismo. Nuestros debates p\u00fablicos est\u00e1n lastrados por defectos que una y otra vez se repiten. En una discusi\u00f3n sobre personal de la Administraci\u00f3n no cabe trabajar con cifras divergentes. Los datos son los que son y no es posible aumentarlos o disminuirlos seg\u00fan el inter\u00e9s de las partes. El Principado dice que para calcular la interinidad hay que partir de la plantilla org\u00e1nica, que es de 9.522 personas, sabiendo que hay una parte de la plantilla de imposible estabilizaci\u00f3n: liberados sindicales, equipos directivos de los centros, comisiones de servicio del personal de la consejer\u00eda. Anpe parte de la plantilla org\u00e1nica, pero prev\u00e9 que habr\u00e1 2.770 interinos al empezar el curso. No queda ah\u00ed el c\u00e1lculo, sumando las vacantes que dejar\u00e1n las jubilaciones y las causadas por reducir a 23 las horas lectivas semanales aparecen otros 1.000 interinos.<\/p>\n<p>Dada la disparidad de criterios, deber\u00eda la Consejer\u00eda de Educaci\u00f3n convocar a los sindicatos y acabar con este baile de cifras. La ciudadan\u00eda tiene derecho a saber si en el sector de la educaci\u00f3n p\u00fablica hay un 22%, o m\u00e1s, de interinos o si el proceso de estabilizaci\u00f3n fue un \u00e9xito y los temporales no pasan del 7%. Mientras no se aclaren cuestiones como \u00e9sta, el Principado no puede hablar de transparencia. Un d\u00eda nos ocultan los resultados de la pol\u00edtica de incentivar la natalidad y al otro no sabemos si hay m\u00e1s o menos interinos.<\/p>\n<!-- AddThis Advanced Settings generic via filter on the_content --><!-- AddThis Share Buttons generic via filter on the_content -->","protected":false},"excerpt":{"rendered":"<p>La Consejer\u00eda de Educaci\u00f3n rechaza los porcentajes de interinidad dados a conocer por el sindicato Anpe en las plantillas de profesores y maestros. Para el Principado, la educaci\u00f3n asturiana cumple con las tasas de interinidad previstas tras dos a\u00f1os de proceso de estabilizaci\u00f3n que convirti\u00f3 a los funcionarios temporales en fijos. El objetivo que se [&hellip;]<!-- AddThis Advanced Settings generic via filter on get_the_excerpt --><!-- AddThis Share Buttons generic via filter on get_the_excerpt --><\/p>\n","protected":false},"author":2,"featured_media":0,"comment_status":"open","ping_status":"open","sticky":false,"template":"","format":"standard","meta":[],"categories":[1],"tags":[],"_links":{"self":[{"href":"https:\/\/blogs.elcomercio.es\/largo_de_cafe\/wp-json\/wp\/v2\/posts\/10271"}],"collection":[{"href":"https:\/\/blogs.elcomercio.es\/largo_de_cafe\/wp-json\/wp\/v2\/posts"}],"about":[{"href":"https:\/\/blogs.elcomercio.es\/largo_de_cafe\/wp-json\/wp\/v2\/types\/post"}],"author":[{"embeddable":true,"href":"https:\/\/blogs.elcomercio.es\/largo_de_cafe\/wp-json\/wp\/v2\/users\/2"}],"replies":[{"embeddable":true,"href":"https:\/\/blogs.elcomercio.es\/largo_de_cafe\/wp-json\/wp\/v2\/comments?post=10271"}],"version-history":[{"count":1,"href":"https:\/\/blogs.elcomercio.es\/largo_de_cafe\/wp-json\/wp\/v2\/posts\/10271\/revisions"}],"predecessor-version":[{"id":10272,"href":"https:\/\/blogs.elcomercio.es\/largo_de_cafe\/wp-json\/wp\/v2\/posts\/10271\/revisions\/10272"}],"wp:attachment":[{"href":"https:\/\/blogs.elcomercio.es\/largo_de_cafe\/wp-json\/wp\/v2\/media?parent=10271"}],"wp:term":[{"taxonomy":"category","embeddable":true,"href":"https:\/\/blogs.elcomercio.es\/largo_de_cafe\/wp-json\/wp\/v2\/categories?post=10271"},{"taxonomy":"post_tag","embeddable":true,"href":"https:\/\/blogs.elcomercio.es\/largo_de_cafe\/wp-json\/wp\/v2\/tags?post=10271"}],"curies":[{"name":"wp","href":"https:\/\/api.w.org\/{rel}","templated":true}]}}